{"id":7253,"date":"2019-12-04T12:32:22","date_gmt":"2019-12-04T12:32:22","guid":{"rendered":"https:\/\/laeraverdadera.com\/?p=7253"},"modified":"2019-12-04T13:24:14","modified_gmt":"2019-12-04T13:24:14","slug":"fussili-con-salsa-alfredo-vegana","status":"publish","type":"post","link":"https:\/\/www.laeraverdadera.com\/?p=7253","title":{"rendered":"Fussili con salsa Alfredo vegana"},"content":{"rendered":"\n<p>Parece que el oto\u00f1o-invierno ha entrado con ganas y con mucha agua. Eso esta bien, pero hace que apetezca comer cosas calentitas y deliciosas. \u00bfO s\u00f3lo me pasa a mi? El caso es que ten\u00eda antojo desde hace tiempo de unos <em>fettuccini alfredo<\/em>, pero sin nata ni mantequilla. As\u00ed que despu\u00e9s de muchas vueltas, he conseguido la receta perfecta de <strong>Fussili con salsa Alfredo vegana<\/strong>, sin mantequilla, sin nata y sin queso y super increiblemente deliciosos y f\u00e1ciles de hacer.<\/p>\n\n\n\n<!--more-->\n\n\n\n<p>Soy super fan de los anacardos, lo confieso y declaro abiertamente. Me parece increible que con un fruto seco, se puedan hacer tantas cosas increibles. Estan buenos tal cual, con sal, sin ella, en recetas dulces, en saladas, en formato de queso, de tarta, helado, sopa&#8230;. y para las salsas veganas son una pasada. Adem\u00e1s, tienen un mont\u00f3n de beneficios.<\/p>\n\n\n\n<h2 class=\"wp-block-heading\">Beneficios de los anacardos<\/h2>\n\n\n\n<p>Son una buena fuente de proteinas vegetales, con m\u00e1s de un 15%, nos aportan grasas saludables, adem\u00e1s de minerales como hierro, magnesio, zinc, potasio, selenio y f\u00f3sforo. Sin olvidarnos de las vitaminas E y del grupo B, m\u00e1s \u00e1cido f\u00f3lico, omega 6&#8230;.<\/p>\n\n\n\n<p>Pertenecen adem\u00e1s, al grupo de los frutos secos menos cal\u00f3ricos, junto con las almendras y los pistachos. <\/p>\n\n\n\n<p>Ayudan a reducir el colesterol, por lo que al hacer la \u00absalsa Alfredo\u00bb  para nuestros  <strong>Fussili con salsa Alfredo vegana<\/strong> con anacardos, en lugar de con nata, mantequilla y queso, no s\u00f3lo no aumentamos nuestros riegos de incrementar el colesterol, sino que ayudamos a prevenirlo. <\/p>\n\n\n\n<p>Te dejo m\u00e1s recetas con anacardos como base, para que veas lo vers\u00e1tiles que son:<\/p>\n\n\n\n<ul class=\"wp-block-list\"><li><a href=\"https:\/\/laeraverdadera.com\/pastel-de-zanahorias-saludable\/\">Tarta de zanahoria vegana saludable<\/a><\/li><li><a href=\"https:\/\/laeraverdadera.com\/helado-vegano-tipo-magnum-sin-azucar-ni-gluten\/\">helados magnum veganos y saludables<\/a><\/li><li><a href=\"https:\/\/laeraverdadera.com\/brownie-vegano-de-chocolate-y-te-matcha\/\">brownie crudi-vegano de te matcha<\/a><\/li><li><a href=\"https:\/\/laeraverdadera.com\/golden-soup\/\">golden soup<\/a><\/li><\/ul>\n\n\n\n<!--WPRM Recipe 7256-->\n<div class=\"wprm-fallback-recipe\">\n\t<h2 class=\"wprm-fallback-recipe-name\">Fussili con salsa Alfredo vegana<\/h2>\n\t<img decoding=\"async\" class=\"wprm-fallback-recipe-image\" src=\"https:\/\/laeraverdadera.com\/wp-content\/uploads\/2019\/12\/Fussili-con-salsa-Alfredo-vegana-150x150.jpg\"\/>\t<p class=\"wprm-fallback-recipe-summary\">\n\t\t<p>pasta con salsa vegana tipo &quot;Alfredo&quot; sana y deliciosa<\/p>\t<\/p>\n\t<div class=\"wprm-fallback-recipe-ingredients\">\n\t\t<ul><li>500 gr pasta al gusto (Pueden ser fetuccini, fussili, espaguetis&#8230;.)<\/li><li>150 gr anacardos crudos<\/li><li>1 chorrito aceite de oliva<\/li><li>1\/2 cebolla<\/li><li>2 dientes ajo<\/li><li>450 ml leche vegetal (yo he usado leche de avena que es justo la que ten\u00eda abierta)<\/li><li>10 gr levadura nutricional<\/li><li>1 cucharada zumo de lim\u00f3n<\/li><li>sal y pimienta<\/li><li>1 cucharada maicena (si usas leche de coco de lata m\u00e1s espesa, no te hara falta. Pero si utilizas una leche vegetal m\u00e1s ligera, como la de avena y quieres que quede un poco m\u00e1s espasa la salsa, puedes a\u00f1adirle la maicena.)<\/li><\/ul>\t<\/div>\n\t<div class=\"wprm-fallback-recipe-instructions\">\n\t\t<ol><li><p>Lo primero es poner en remojo los anacardos 5 minutos en agua caliente.<\/p><br \/><img decoding=\"async\" src=\"https:\/\/laeraverdadera.com\/wp-content\/uploads\/2019\/12\/anacardos-en-remojo-150x150.jpg\"\/><br \/><\/li><li><p>Mientras se hidratan y activan los anacardos, pondremos a cocer nuestra pasta siguiendo las instrucciones del paquete.<\/p><\/li><li><p>Y mientras se cuece la pasta, seguimos con la salsa. <\/p><p>Picar la cebolla y el ajo y en una sarten profunda o cacerola, en mi caso he usado directamente la thermomix, ponemos el chorrito de aceite.<\/p><br \/><img decoding=\"async\" src=\"https:\/\/laeraverdadera.com\/wp-content\/uploads\/2019\/12\/aceite-150x150.jpg\"\/><br \/><\/li><li><p>Sofreir la cebolla y el ajo, yo los he tenido 5 minutos a temperatura varoma velocidad 1. Hasta que empiece a transparentar la cebolla.<\/p><br \/><img decoding=\"async\" src=\"https:\/\/laeraverdadera.com\/wp-content\/uploads\/2019\/12\/sofreir-150x150.png\"\/><br \/><\/li><li><p>Escurrir bien los anacardos.<\/p><br \/><img decoding=\"async\" src=\"https:\/\/laeraverdadera.com\/wp-content\/uploads\/2019\/12\/anacardos-en-remojo-2-150x150.jpg\"\/><br \/><\/li><li><p>Agregar los anacardos a la sarten, cacerola o thermomix.<\/p><br \/><img decoding=\"async\" src=\"https:\/\/laeraverdadera.com\/wp-content\/uploads\/2019\/12\/agregar-anacardos-150x150.jpg\"\/><br \/><\/li><li><p>A\u00f1adir el resto de ingredientes.<\/p><br \/><img decoding=\"async\" src=\"https:\/\/laeraverdadera.com\/wp-content\/uploads\/2019\/12\/resto-ingredientes-150x150.jpg\"\/><br \/><\/li><li><p>Triturar muy bien, hasta conseguir una mezcla cremosa y homog\u00e9nea, corregir el punto de sal y calentar unos 5 minutos a fuego medio.<\/p><br \/><img decoding=\"async\" src=\"https:\/\/laeraverdadera.com\/wp-content\/uploads\/2019\/12\/Fussili-con-salsa-Alfredo-vegana-2-150x150.jpg\"\/><br \/><\/li><\/ol>\t<\/div>\n\t<div class=\"wprm-fallback-recipe-notes\">\n\t\t\t<\/div>\n<\/div>\n<!--End WPRM Recipe-->\n\n\n\n<p>Ya no hay excusa para disfrutar de una salsa \u00abAlfredo\u00bb sin culpas. Es f\u00e1cil, r\u00e1pida y deliciosa. Ni que decir tiene que se puede hacer con el tipo de pasta que se prefiera, o usar para acompa\u00f1ar por ejemplo unas patatas de guarnici\u00f3n,o unas verduritas.<\/p>\n","protected":false},"excerpt":{"rendered":"<p>Parece que el oto\u00f1o-invierno ha entrado con ganas y con mucha agua. Eso esta bien, pero hace que apetezca comer cosas calentitas y deliciosas. \u00bfO s\u00f3lo me pasa a mi? El caso es que ten\u00eda antojo desde hace tiempo de unos fettuccini alfredo, pero sin nata ni mantequilla. As\u00ed que [&hellip;]<\/p>\n","protected":false},"author":1,"featured_media":7258,"comment_status":"open","ping_status":"open","sticky":false,"template":"","format":"standard","meta":{"footnotes":""},"categories":[70,110,404,182,231,232],"tags":[152,531,357],"class_list":["post-7253","post","type-post","status-publish","format-standard","has-post-thumbnail","hentry","category-recetas","category-saludable","category-sin-azucar","category-sin-gluten","category-vegano","category-vegetariano","tag-recetas-saludables","tag-salsa-alfredo-vegana","tag-vegano"],"_links":{"self":[{"href":"https:\/\/www.laeraverdadera.com\/index.php?rest_route=\/wp\/v2\/posts\/7253","targetHints":{"allow":["GET"]}}],"collection":[{"href":"https:\/\/www.laeraverdadera.com\/index.php?rest_route=\/wp\/v2\/posts"}],"about":[{"href":"https:\/\/www.laeraverdadera.com\/index.php?rest_route=\/wp\/v2\/types\/post"}],"author":[{"embeddable":true,"href":"https:\/\/www.laeraverdadera.com\/index.php?rest_route=\/wp\/v2\/users\/1"}],"replies":[{"embeddable":true,"href":"https:\/\/www.laeraverdadera.com\/index.php?rest_route=%2Fwp%2Fv2%2Fcomments&post=7253"}],"version-history":[{"count":3,"href":"https:\/\/www.laeraverdadera.com\/index.php?rest_route=\/wp\/v2\/posts\/7253\/revisions"}],"predecessor-version":[{"id":7275,"href":"https:\/\/www.laeraverdadera.com\/index.php?rest_route=\/wp\/v2\/posts\/7253\/revisions\/7275"}],"wp:featuredmedia":[{"embeddable":true,"href":"https:\/\/www.laeraverdadera.com\/index.php?rest_route=\/wp\/v2\/media\/7258"}],"wp:attachment":[{"href":"https:\/\/www.laeraverdadera.com\/index.php?rest_route=%2Fwp%2Fv2%2Fmedia&parent=7253"}],"wp:term":[{"taxonomy":"category","embeddable":true,"href":"https:\/\/www.laeraverdadera.com\/index.php?rest_route=%2Fwp%2Fv2%2Fcategories&post=7253"},{"taxonomy":"post_tag","embeddable":true,"href":"https:\/\/www.laeraverdadera.com\/index.php?rest_route=%2Fwp%2Fv2%2Ftags&post=7253"}],"curies":[{"name":"wp","href":"https:\/\/api.w.org\/{rel}","templated":true}]}}