{"id":6264,"date":"2019-10-17T08:44:41","date_gmt":"2019-10-17T08:44:41","guid":{"rendered":"https:\/\/laeraverdadera.com\/?p=6264"},"modified":"2019-10-17T08:44:43","modified_gmt":"2019-10-17T08:44:43","slug":"albondigas-de-berenjena","status":"publish","type":"post","link":"https:\/\/www.laeraverdadera.com\/?p=6264","title":{"rendered":"Alb\u00f3ndigas de berenjena"},"content":{"rendered":"\n<p>Lo bueno de tener un oto\u00f1o tan c\u00e1lido, es que seguimos cosechando sin parar de la huerta de verano. Por eso, esta semana ha tocado pensar en recetas con berenjenas. Preguntando en RRSS, me hab\u00e9is dado un mont\u00f3n de ideas de recetas riqu\u00edsimas con ellas, y yo os quer\u00eda regalar est\u00e1 idea alternativa de alb\u00f3ndigas. Estas alb\u00f3ndigas de berenjena, son s\u00faper f\u00e1ciles de hacer y muy saludables.<\/p>\n\n\n\n<!--more-->\n\n\n\n<p>Ya sebes que soy una loca fan de las berenjenas, me encantan y estoy feliz cada vez que encuentro una en la huerta. Son adem\u00e1s increibles sus beneficios, al punto que en el blog tienen una entrada propia. Te dejo el link por si te interesa concocerlas un poco mejor. <a href=\"https:\/\/laeraverdadera.com\/propiedades-y-beneficios-de-las-berenjenas-y-sus-recetas\/\">Beneficios y propiedades de las berenjenas. <\/a><\/p>\n\n\n\n<p>Me encanta hacer alb\u00f3ndigas de todo tipo, me parece que es una forma f\u00e1cil de introducir una gran variedad de verduras de forma divertida. En esta ocasi\u00f3n s\u00f3lo he usado berenjenas, cebollas, zanahorias y un poco de ajo y avena. Pero es f\u00e1cilmente adaptable a las verduras que m\u00e1s os gusten. Por ejemplo, a\u00f1adiedo un poco de remolacha, se pondr\u00e1n m\u00e1s rojitas. Otras veces incluyo un poco de quinoa, en otras ocasiones a\u00f1ado harina de garbanzo. Tambi\u00e9n quedan muy bien con un poco de champi\u00f1ones, o con calabaza. Incluso un buen pu\u00f1ado de espinacas o unos brotes de br\u00f3coli. Imaginaci\u00f3n \u00abverduril\u00bb al poder.<\/p>\n\n\n\n<p> Otro de mis ingredientes estrella es la avena y en esta versi\u00f3n de alb\u00f3ndigas de berenjena no pod\u00eda faltar.  Creo que si hiciese un estudio de los ingredientes que m\u00e1s utilizo, la avena ser\u00eda una de los ganadores sin dudarlo. En la receta de <a href=\"https:\/\/laeraverdadera.com\/galletas-de-avena-y-platano-sin-azucar\/\">galletas de avena y pl\u00e1tano<\/a> os hablaba ya un poco de sus propiedades y beneficios. <\/p>\n\n\n\n<p> Pero vamos ya con la receta. <\/p>\n\n\n\n<!--WPRM Recipe 6281-->\n<div class=\"wprm-fallback-recipe\">\n\t<h2 class=\"wprm-fallback-recipe-name\">Alb\u00f3ndigas de berenjena<\/h2>\n\t<img decoding=\"async\" class=\"wprm-fallback-recipe-image\" src=\"https:\/\/laeraverdadera.com\/wp-content\/uploads\/2019\/10\/1571227989672-150x150.jpg\"\/>\t<p class=\"wprm-fallback-recipe-summary\">\n\t\t<p>Versi\u00f3n vegana y saludable de alb\u00f3ndigas con base de berenjena<\/p>\t<\/p>\n\t<div class=\"wprm-fallback-recipe-ingredients\">\n\t\t<ul><li>1 Berenjena grande<\/li><li>2  cebollas<\/li><li>2 zanahorias<\/li><li>1 diente de ajo<\/li><li>aceite de oliva<\/li><li>sal<\/li><li>pimienta<\/li><li>or\u00e9gano<\/li><li>OPCIONAL: Salsa de tomate<\/li><\/ul>\t<\/div>\n\t<div class=\"wprm-fallback-recipe-instructions\">\n\t\t<ol><li><p>Empezaremos picando y rehogando las cebollas <\/p><br \/><img decoding=\"async\" src=\"https:\/\/laeraverdadera.com\/wp-content\/uploads\/2019\/10\/1571222015160-150x150.jpg\"\/><br \/><\/li><li><p>Seguiremos con las zanahorias<\/p><br \/><img decoding=\"async\" src=\"https:\/\/laeraverdadera.com\/wp-content\/uploads\/2019\/10\/1571222402810-150x150.jpg\"\/><br \/><\/li><li><p>Pasados unos 7 minutos, cuando empiece  a transparentar la cebolla, ser\u00e1 hora de agregar la berenjena lavada y cortada en rodajas, junto al diente de ajo, la sal, la pimienta y el or\u00e9gano<\/p><br \/><img decoding=\"async\" src=\"https:\/\/laeraverdadera.com\/wp-content\/uploads\/2019\/10\/1571222496815-150x150.jpg\"\/><br \/><\/li><li><p>Dejaremos que se rehogue todo bien, hasta que la berenjena este bl\u00e1ndita<\/p><br \/><img decoding=\"async\" src=\"https:\/\/laeraverdadera.com\/wp-content\/uploads\/2019\/10\/1571223360231-150x150.jpg\"\/><br \/><\/li><li><p>Hora de hacerlo todo pur\u00e9. Yo lo he triturado con la thermomix, pero se puede hacer con la minipimer, batidora, robots varios, chino o incluso con paciencia y un tenedor. Hasta conseguir una mezcla homog\u00e9nea.Tipo papilla espesa de beb\u00e9.<\/p><br \/><img decoding=\"async\" src=\"https:\/\/laeraverdadera.com\/wp-content\/uploads\/2019\/10\/1571224264568-150x150.jpg\"\/><br \/><\/li><li><p>Para darle consistencia y que se puedan manejar, he a\u00f1adido harina de avena. Unas 5 cucharadas generosas. Se puede hacer tambi\u00e9n con pan rallado o con harina de garbanzos. Al usar avena he dejado reposar la masa 30 minutos.<\/p><br \/><img decoding=\"async\" src=\"https:\/\/laeraverdadera.com\/wp-content\/uploads\/2019\/10\/1571223567939-150x150.jpg\"\/><br \/><\/li><li><p>Toca hacer bolitas, queda una masa muy blandita y algo pegajosa, pero para que no se pegue, basta con mojarse un poco las manos y entonces quedan una bolitas estupendas.<\/p><br \/><img decoding=\"async\" src=\"https:\/\/laeraverdadera.com\/wp-content\/uploads\/2019\/10\/IMG_20191016_134749-150x150.jpg\"\/><br \/><\/li><li><p>En una sarten o plancha, las marcaremos un poco para que no se nos desmenucen. Se pueden cocinar tambien en el horno unos 15-20 minutos a 180\u00baC en horno precalentado.<\/p><br \/><img decoding=\"async\" src=\"https:\/\/laeraverdadera.com\/wp-content\/uploads\/2019\/10\/1571227301489-150x150.jpg\"\/><br \/><\/li><li><p>Importante que se dor\u00e9n por todos lados.<\/p><br \/><img decoding=\"async\" src=\"https:\/\/laeraverdadera.com\/wp-content\/uploads\/2019\/10\/1571227427722-150x150.jpg\"\/><br \/><\/li><li><p>Luego se pueden comer tal cual o con un poco de salsa de tomate casera, para que est\u00e9n a\u00fan m\u00e1s buenas. Yo las he acompa\u00f1ado adem\u00e1s con espaguetis integrales. <\/p><br \/><img decoding=\"async\" src=\"https:\/\/laeraverdadera.com\/wp-content\/uploads\/2019\/10\/1571227775468-150x150.jpg\"\/><br \/><\/li><\/ol>\t<\/div>\n\t<div class=\"wprm-fallback-recipe-notes\">\n\t\t\t<\/div>\n<\/div>\n<!--End WPRM Recipe-->\n","protected":false},"excerpt":{"rendered":"<p>Lo bueno de tener un oto\u00f1o tan c\u00e1lido, es que seguimos cosechando sin parar de la huerta de verano. Por eso, esta semana ha tocado pensar en recetas con berenjenas. Preguntando en RRSS, me hab\u00e9is dado un mont\u00f3n de ideas de recetas riqu\u00edsimas con ellas, y yo os quer\u00eda regalar [&hellip;]<\/p>\n","protected":false},"author":1,"featured_media":6278,"comment_status":"open","ping_status":"open","sticky":false,"template":"","format":"standard","meta":{"footnotes":""},"categories":[70,110,404,182,231,232],"tags":[490,234,220,152,118,357],"class_list":["post-6264","post","type-post","status-publish","format-standard","has-post-thumbnail","hentry","category-recetas","category-saludable","category-sin-azucar","category-sin-gluten","category-vegano","category-vegetariano","tag-albondigas-de-berenjena","tag-albondigas-veganas","tag-recetas-con-verduras","tag-recetas-saludables","tag-sin-gluten","tag-vegano"],"_links":{"self":[{"href":"https:\/\/www.laeraverdadera.com\/index.php?rest_route=\/wp\/v2\/posts\/6264","targetHints":{"allow":["GET"]}}],"collection":[{"href":"https:\/\/www.laeraverdadera.com\/index.php?rest_route=\/wp\/v2\/posts"}],"about":[{"href":"https:\/\/www.laeraverdadera.com\/index.php?rest_route=\/wp\/v2\/types\/post"}],"author":[{"embeddable":true,"href":"https:\/\/www.laeraverdadera.com\/index.php?rest_route=\/wp\/v2\/users\/1"}],"replies":[{"embeddable":true,"href":"https:\/\/www.laeraverdadera.com\/index.php?rest_route=%2Fwp%2Fv2%2Fcomments&post=6264"}],"version-history":[{"count":2,"href":"https:\/\/www.laeraverdadera.com\/index.php?rest_route=\/wp\/v2\/posts\/6264\/revisions"}],"predecessor-version":[{"id":6299,"href":"https:\/\/www.laeraverdadera.com\/index.php?rest_route=\/wp\/v2\/posts\/6264\/revisions\/6299"}],"wp:featuredmedia":[{"embeddable":true,"href":"https:\/\/www.laeraverdadera.com\/index.php?rest_route=\/wp\/v2\/media\/6278"}],"wp:attachment":[{"href":"https:\/\/www.laeraverdadera.com\/index.php?rest_route=%2Fwp%2Fv2%2Fmedia&parent=6264"}],"wp:term":[{"taxonomy":"category","embeddable":true,"href":"https:\/\/www.laeraverdadera.com\/index.php?rest_route=%2Fwp%2Fv2%2Fcategories&post=6264"},{"taxonomy":"post_tag","embeddable":true,"href":"https:\/\/www.laeraverdadera.com\/index.php?rest_route=%2Fwp%2Fv2%2Ftags&post=6264"}],"curies":[{"name":"wp","href":"https:\/\/api.w.org\/{rel}","templated":true}]}}