{"id":3801,"date":"2019-03-20T01:00:55","date_gmt":"2019-03-20T01:00:55","guid":{"rendered":"https:\/\/laeraverdadera.com\/?p=3801"},"modified":"2020-12-16T14:22:55","modified_gmt":"2020-12-16T14:22:55","slug":"ratatouille","status":"publish","type":"post","link":"https:\/\/www.laeraverdadera.com\/?p=3801","title":{"rendered":"Ratatouille"},"content":{"rendered":"\n<p>Lo confieso, tengo ganas de que sea ya primavera oficialmente, y sobre todo de que sea ya hora de comenzar la huerta de primavera verano. Por eso para sentirnos un poco m\u00e1s en primavera-verano, he pesado que lo mejor es comer una rica Ratatouille. <\/p>\n\n\n\n<!--more-->\n\n\n\n<p><strong>El o la Ratatouille es una receta tradicional francesa, t\u00edpica de la zona de la Provenza. <\/strong><\/p>\n\n\n\n<p>Es un plato t\u00edpico del verano y aunque se hizo mundialmente famosa por la pel\u00edcula de Disney, casi todos los pa\u00edses del mediterr\u00e1neo tienen su propia versi\u00f3n de la Ratatouille. En Espa\u00f1a ser\u00eda el pisto o la sanfaina, en Italia ciambotta o caponatta, en Europa Central lecs\u00f3&#8230;.<\/p>\n\n\n\n<p>Se trata de cocinar con delicadeza las verduras de temporada. Es un plato adem\u00e1s muy sencillo y agradecido, que queda m\u00e1s sabroso si se deja reposar o incluso si se recalienta. Aguanta perfectamente en la nevera y esta bueno tanto caliente como fr\u00edo. Es vers\u00e1til y colorido, se puede usar como primer plato, guarnici\u00f3n, plato \u00fanico o para rellenar empanadas. <\/p>\n\n\n\n<p>Adem\u00e1s la variedad de verduras que incorpora y la forma de prepararlo al horno lo hace un aporte de vitaminas y nutrientes de lo m\u00e1s saludable.<\/p>\n\n\n\n<!--WPRM Recipe 3804-->\n<div class=\"wprm-fallback-recipe\">\n\t<h2 class=\"wprm-fallback-recipe-name\">Ratatouille<\/h2>\n\t<img decoding=\"async\" class=\"wprm-fallback-recipe-image\" src=\"https:\/\/laeraverdadera.com\/wp-content\/uploads\/2019\/03\/P1012950-150x150.jpg\"\/>\t<p class=\"wprm-fallback-recipe-summary\">\n\t\t<p>Receta de la t\u00edpica&nbsp;Ratatouille de la peli de Disney.&nbsp;<\/p>\t<\/p>\n\t<div class=\"wprm-fallback-recipe-ingredients\">\n\t\t<ul><li>500  gr salsa de tomate<\/li><li>calabacines<\/li><li>berenjenas<\/li><li>patatas<\/li><li>tomates<\/li><li>hierbas provenzales<\/li><li>sal y pimienta<\/li><\/ul>\t<\/div>\n\t<div class=\"wprm-fallback-recipe-instructions\">\n\t\t<ol><li><p>Lo mejor es usar una salsa de tomate casera, tipo la que usamos en la receta de las alb\u00f3ndigas con garbanzos.&nbsp;<\/p><p>Pre-calentamos el horno a 180\u00baC<\/p><\/li><li><p>Lavamos nuestras verduras y pelamos las patatas. No he puesto cantidad o n\u00famero de verduras, porque depender\u00e1 del molde o recipiente que vayamos a usar. Debe ser un cacharro apto para el horno.<\/p><br \/><img decoding=\"async\" src=\"https:\/\/laeraverdadera.com\/wp-content\/uploads\/2019\/03\/P1012930-150x150.jpg\"\/><br \/><\/li><li><p>Con ayuda de una mandolina o con un cuchillo afilado toca cortar en rodajas finas nuestras verduras. Mi berenjena era muy gorda, as\u00ed que luego las rodajas las corte por la mitad.&nbsp;<\/p><br \/><img decoding=\"async\" src=\"https:\/\/laeraverdadera.com\/wp-content\/uploads\/2019\/03\/P1012932-150x150.jpg\"\/><br \/><\/li><li><p>En el fondo del recipiente esparcimos nuestra salsa de tomate.&nbsp;<\/p><br \/><img decoding=\"async\" src=\"https:\/\/laeraverdadera.com\/wp-content\/uploads\/2019\/03\/P1012934-150x150.jpg\"\/><br \/><\/li><li><p>Ya solo queda colocar nuestras rodajas de verduras siguiendo un mismo patr\u00f3n.<\/p><br \/><img decoding=\"async\" src=\"https:\/\/laeraverdadera.com\/wp-content\/uploads\/2019\/03\/P1012936-150x150.jpg\"\/><br \/><\/li><li><p>Primero completamos el borde exterior.<\/p><br \/><img decoding=\"async\" src=\"https:\/\/laeraverdadera.com\/wp-content\/uploads\/2019\/03\/P1012937-150x150.jpg\"\/><br \/><\/li><li><p>Rellenar el centro.<\/p><br \/><img decoding=\"async\" src=\"https:\/\/laeraverdadera.com\/wp-content\/uploads\/2019\/03\/P1012938-150x150.jpg\"\/><br \/><\/li><li><p>Hora de salpimentar y condimentar con las hierbas provenzales. Opcional, se puede a\u00f1adir tambi\u00e9n piment\u00f3n y un chorrito de aceite.<\/p><\/li><li><p>Cubrimos con papel de aluminio y metemos en la parte central del horno pre-calentado a 180\u00baC. Horneamos durante 30 minutos<\/p><br \/><img decoding=\"async\" src=\"https:\/\/laeraverdadera.com\/wp-content\/uploads\/2019\/03\/P1012940-150x150.jpg\"\/><br \/><\/li><li><p>Pasado el tiempo, y con cuidado de no quemarnos, quitamos el papel de aluminio y seguimos horneando 30 minutos m\u00e1s. Hasta que veamos que las verduras han reducido y se han dorado por arriba.&nbsp;<\/p><p>Listo para disfrutar<\/p><br \/><img decoding=\"async\" src=\"https:\/\/laeraverdadera.com\/wp-content\/uploads\/2019\/03\/P1012975-150x150.jpg\"\/><br \/><\/li><\/ol>\t<\/div>\n\t<div class=\"wprm-fallback-recipe-notes\">\n\t\t\t<\/div>\n<\/div>\n<!--End WPRM Recipe-->\n\n\n\n<div class=\"wp-block-image\"><figure class=\"aligncenter\"><img loading=\"lazy\" decoding=\"async\" width=\"300\" height=\"225\" src=\"https:\/\/laeraverdadera.com\/wp-content\/uploads\/2019\/03\/P1012968-300x225.jpg\" alt=\"Ratatouille\" class=\"wp-image-3811\" srcset=\"https:\/\/www.laeraverdadera.com\/wp-content\/uploads\/2019\/03\/P1012968-300x225.jpg 300w, https:\/\/www.laeraverdadera.com\/wp-content\/uploads\/2019\/03\/P1012968-768x576.jpg 768w, https:\/\/www.laeraverdadera.com\/wp-content\/uploads\/2019\/03\/P1012968-1024x768.jpg 1024w, https:\/\/www.laeraverdadera.com\/wp-content\/uploads\/2019\/03\/P1012968-500x375.jpg 500w, https:\/\/www.laeraverdadera.com\/wp-content\/uploads\/2019\/03\/P1012968-563x422.jpg 563w, https:\/\/www.laeraverdadera.com\/wp-content\/uploads\/2019\/03\/P1012968-285x214.jpg 285w\" sizes=\"auto, (max-width: 300px) 100vw, 300px\" \/><figcaption>Ratatouille<\/figcaption><\/figure><\/div>\n","protected":false},"excerpt":{"rendered":"<p>Lo confieso, tengo ganas de que sea ya primavera oficialmente, y sobre todo de que sea ya hora de comenzar la huerta de primavera verano. Por eso para sentirnos un poco m\u00e1s en primavera-verano, he pesado que lo mejor es comer una rica Ratatouille.<\/p>\n","protected":false},"author":1,"featured_media":3802,"comment_status":"open","ping_status":"open","sticky":false,"template":"","format":"standard","meta":{"footnotes":""},"categories":[53,70,110,182,231,232],"tags":[104,108,262,220,73,116,112,113],"class_list":["post-3801","post","type-post","status-publish","format-standard","has-post-thumbnail","hentry","category-cocina","category-recetas","category-saludable","category-sin-gluten","category-vegano","category-vegetariano","tag-asado-de-verduras","tag-cocinar-con-verduras","tag-ratatouille","tag-recetas-con-verduras","tag-recetas-faciles","tag-saludable","tag-vegana","tag-vegetariana"],"_links":{"self":[{"href":"https:\/\/www.laeraverdadera.com\/index.php?rest_route=\/wp\/v2\/posts\/3801","targetHints":{"allow":["GET"]}}],"collection":[{"href":"https:\/\/www.laeraverdadera.com\/index.php?rest_route=\/wp\/v2\/posts"}],"about":[{"href":"https:\/\/www.laeraverdadera.com\/index.php?rest_route=\/wp\/v2\/types\/post"}],"author":[{"embeddable":true,"href":"https:\/\/www.laeraverdadera.com\/index.php?rest_route=\/wp\/v2\/users\/1"}],"replies":[{"embeddable":true,"href":"https:\/\/www.laeraverdadera.com\/index.php?rest_route=%2Fwp%2Fv2%2Fcomments&post=3801"}],"version-history":[{"count":2,"href":"https:\/\/www.laeraverdadera.com\/index.php?rest_route=\/wp\/v2\/posts\/3801\/revisions"}],"predecessor-version":[{"id":10511,"href":"https:\/\/www.laeraverdadera.com\/index.php?rest_route=\/wp\/v2\/posts\/3801\/revisions\/10511"}],"wp:featuredmedia":[{"embeddable":true,"href":"https:\/\/www.laeraverdadera.com\/index.php?rest_route=\/wp\/v2\/media\/3802"}],"wp:attachment":[{"href":"https:\/\/www.laeraverdadera.com\/index.php?rest_route=%2Fwp%2Fv2%2Fmedia&parent=3801"}],"wp:term":[{"taxonomy":"category","embeddable":true,"href":"https:\/\/www.laeraverdadera.com\/index.php?rest_route=%2Fwp%2Fv2%2Fcategories&post=3801"},{"taxonomy":"post_tag","embeddable":true,"href":"https:\/\/www.laeraverdadera.com\/index.php?rest_route=%2Fwp%2Fv2%2Ftags&post=3801"}],"curies":[{"name":"wp","href":"https:\/\/api.w.org\/{rel}","templated":true}]}}