{"id":3636,"date":"2019-02-27T11:37:48","date_gmt":"2019-02-27T11:37:48","guid":{"rendered":"https:\/\/laeraverdadera.com\/?p=3636"},"modified":"2019-02-27T11:37:51","modified_gmt":"2019-02-27T11:37:51","slug":"la-huerta-en-el-mes-de-marzo","status":"publish","type":"post","link":"https:\/\/www.laeraverdadera.com\/?p=3636","title":{"rendered":"La Huerta en el mes de marzo"},"content":{"rendered":"\n<p>Y por fin lleg\u00f3 marzo con el inicio de la primavera. Aunque\na\u00fan nos queda casi un mes entero de invierno, la primavera ya se ve despuntar\nen el ambiente. <\/p>\n\n\n\n<p>No s\u00e9 t\u00fa, pero yo tengo ya unas ganas locas de ponerme a\nremover la tierra y cultivar. Marzo es el mes perfecto para comenzar con la\nplanificaci\u00f3n de la huerta de primavera-verano. Te voy a resumir brevemente los\npasos que me gusta seguir en este mes, para que te inspiren huertanamente. \u00bfTe\nparece?<\/p>\n\n\n\n<!--more-->\n\n\n\n<figure class=\"wp-block-image\"><img loading=\"lazy\" decoding=\"async\" width=\"1024\" height=\"576\" src=\"https:\/\/laeraverdadera.com\/wp-content\/uploads\/2019\/02\/20161005_143210-2-1024x576.jpg\" alt=\"La huerta en el mes de marzo\" class=\"wp-image-3637\" srcset=\"https:\/\/www.laeraverdadera.com\/wp-content\/uploads\/2019\/02\/20161005_143210-2-1024x576.jpg 1024w, https:\/\/www.laeraverdadera.com\/wp-content\/uploads\/2019\/02\/20161005_143210-2-300x169.jpg 300w, https:\/\/www.laeraverdadera.com\/wp-content\/uploads\/2019\/02\/20161005_143210-2-768x432.jpg 768w, https:\/\/www.laeraverdadera.com\/wp-content\/uploads\/2019\/02\/20161005_143210-2-480x270.jpg 480w, https:\/\/www.laeraverdadera.com\/wp-content\/uploads\/2019\/02\/20161005_143210-2-750x422.jpg 750w, https:\/\/www.laeraverdadera.com\/wp-content\/uploads\/2019\/02\/20161005_143210-2-285x160.jpg 285w\" sizes=\"auto, (max-width: 1024px) 100vw, 1024px\" \/><\/figure>\n\n\n\n<h3 class=\"wp-block-heading\"><br>B\u00e1sicamente sigo 2 pasos: PLANIFICACI\u00d3N\/DISE\u00d1O Y SEMILLEROS <\/h3>\n\n\n\n<h4 class=\"wp-block-heading\">Lo primero que hago es <strong>PLANIFICAR y DISE\u00d1AR<\/strong>, es el momento ideal para pensar en lo que quieres plantar y organizarlo de forma pr\u00e1ctica y productiva.\u00a0<\/h4>\n\n\n\n<p>Me gusta siempre dibujar mi futura huerta, con ayuda del planificador, trazo de forma sencilla mi parcela huertana y voy marcando con distintos colores las plantaciones. Es hora de recuperar el esquema del a\u00f1o anterior o de realizar uno con las plantaciones actuales. \u00bfPor qu\u00e9 es tan importante este paso? Muy sencillo, para poder realizar una adecuada rotaci\u00f3n de nuestros cultivos, de esta forma garantizamos los nutrientes de nuestras plantas y no agotamos la tierra con el mismo cultivo.  Adem\u00e1s de la rotaci\u00f3n\u00b4pon de cultivos ne el dise\u00f1o tendemos que tener tambi\u00e9n en cuanta la asociaci\u00f3n de los mismos, no queremos plantar cerca plantas que se lleven mal. Y siempre es muy pr\u00e1ctico juntar a las plantas que se ayudan mutuamente.  Esta parte es un poco como el dise\u00f1o de las mesas de boda \ud83d\ude09 <\/p>\n\n\n\n<ul class=\"wp-block-gallery columns-3 is-cropped wp-block-gallery-1 is-layout-flex wp-block-gallery-is-layout-flex\"><li class=\"blocks-gallery-item\"><figure><img loading=\"lazy\" decoding=\"async\" width=\"768\" height=\"1024\" src=\"https:\/\/laeraverdadera.com\/wp-content\/uploads\/2019\/02\/P1012697-e1551262034146-768x1024.jpg\" alt=\"Planificador huerta\" data-id=\"3638\" data-link=\"https:\/\/laeraverdadera.com\/?attachment_id=3638\" class=\"wp-image-3638\" srcset=\"https:\/\/www.laeraverdadera.com\/wp-content\/uploads\/2019\/02\/P1012697-e1551262034146-768x1024.jpg 768w, https:\/\/www.laeraverdadera.com\/wp-content\/uploads\/2019\/02\/P1012697-e1551262034146-225x300.jpg 225w, https:\/\/www.laeraverdadera.com\/wp-content\/uploads\/2019\/02\/P1012697-e1551262034146-317x422.jpg 317w, https:\/\/www.laeraverdadera.com\/wp-content\/uploads\/2019\/02\/P1012697-e1551262034146-188x250.jpg 188w\" sizes=\"auto, (max-width: 768px) 100vw, 768px\" \/><figcaption>Planificador huerta<\/figcaption><\/figure><\/li><li class=\"blocks-gallery-item\"><figure><img loading=\"lazy\" decoding=\"async\" width=\"768\" height=\"1024\" src=\"https:\/\/laeraverdadera.com\/wp-content\/uploads\/2019\/02\/P1012698-e1551262367638-768x1024.jpg\" alt=\"\" data-id=\"3639\" data-link=\"https:\/\/laeraverdadera.com\/?attachment_id=3639\" class=\"wp-image-3639\" srcset=\"https:\/\/www.laeraverdadera.com\/wp-content\/uploads\/2019\/02\/P1012698-e1551262367638-768x1024.jpg 768w, https:\/\/www.laeraverdadera.com\/wp-content\/uploads\/2019\/02\/P1012698-e1551262367638-225x300.jpg 225w, https:\/\/www.laeraverdadera.com\/wp-content\/uploads\/2019\/02\/P1012698-e1551262367638-317x422.jpg 317w, https:\/\/www.laeraverdadera.com\/wp-content\/uploads\/2019\/02\/P1012698-e1551262367638-188x250.jpg 188w\" sizes=\"auto, (max-width: 768px) 100vw, 768px\" \/><figcaption>Planificador huerta<\/figcaption><\/figure><\/li><li class=\"blocks-gallery-item\"><figure><img loading=\"lazy\" decoding=\"async\" width=\"768\" height=\"1024\" src=\"https:\/\/laeraverdadera.com\/wp-content\/uploads\/2019\/02\/P1012699-e1551262467235-768x1024.jpg\" alt=\"Planificador huerta\" data-id=\"3640\" data-link=\"https:\/\/laeraverdadera.com\/?attachment_id=3640\" class=\"wp-image-3640\" srcset=\"https:\/\/www.laeraverdadera.com\/wp-content\/uploads\/2019\/02\/P1012699-e1551262467235-768x1024.jpg 768w, https:\/\/www.laeraverdadera.com\/wp-content\/uploads\/2019\/02\/P1012699-e1551262467235-225x300.jpg 225w, https:\/\/www.laeraverdadera.com\/wp-content\/uploads\/2019\/02\/P1012699-e1551262467235-317x422.jpg 317w, https:\/\/www.laeraverdadera.com\/wp-content\/uploads\/2019\/02\/P1012699-e1551262467235-188x250.jpg 188w\" sizes=\"auto, (max-width: 768px) 100vw, 768px\" \/><figcaption>Planificador huerta<\/figcaption><\/figure><\/li><li class=\"blocks-gallery-item\"><figure><img loading=\"lazy\" decoding=\"async\" width=\"828\" height=\"960\" src=\"https:\/\/laeraverdadera.com\/wp-content\/uploads\/2019\/02\/rotaci\u00f3n-de-cultivos.jpg\" alt=\"\" data-id=\"3648\" data-link=\"https:\/\/laeraverdadera.com\/?attachment_id=3648\" class=\"wp-image-3648\" srcset=\"https:\/\/www.laeraverdadera.com\/wp-content\/uploads\/2019\/02\/rotaci\u00f3n-de-cultivos.jpg 828w, https:\/\/www.laeraverdadera.com\/wp-content\/uploads\/2019\/02\/rotaci\u00f3n-de-cultivos-259x300.jpg 259w, https:\/\/www.laeraverdadera.com\/wp-content\/uploads\/2019\/02\/rotaci\u00f3n-de-cultivos-768x890.jpg 768w, https:\/\/www.laeraverdadera.com\/wp-content\/uploads\/2019\/02\/rotaci\u00f3n-de-cultivos-364x422.jpg 364w, https:\/\/www.laeraverdadera.com\/wp-content\/uploads\/2019\/02\/rotaci\u00f3n-de-cultivos-216x250.jpg 216w\" sizes=\"auto, (max-width: 828px) 100vw, 828px\" \/><\/figure><\/li><\/ul>\n\n\n\n<h4 class=\"wp-block-heading\"><strong>Lo segundo son los SEMILLEROS:<\/strong><\/h4>\n\n\n\n<p>Una vez que tenemos claro nuestro dise\u00f1o y lo que queremos cultivar, podemos empezar a preparar los semilleros. <\/p>\n\n\n\n<figure class=\"wp-block-image\"><img loading=\"lazy\" decoding=\"async\" width=\"1024\" height=\"768\" src=\"https:\/\/laeraverdadera.com\/wp-content\/uploads\/2019\/02\/P1012576-1024x768.jpg\" alt=\"\" class=\"wp-image-3653\" srcset=\"https:\/\/www.laeraverdadera.com\/wp-content\/uploads\/2019\/02\/P1012576-1024x768.jpg 1024w, https:\/\/www.laeraverdadera.com\/wp-content\/uploads\/2019\/02\/P1012576-300x225.jpg 300w, https:\/\/www.laeraverdadera.com\/wp-content\/uploads\/2019\/02\/P1012576-768x576.jpg 768w, https:\/\/www.laeraverdadera.com\/wp-content\/uploads\/2019\/02\/P1012576-500x375.jpg 500w, https:\/\/www.laeraverdadera.com\/wp-content\/uploads\/2019\/02\/P1012576-563x422.jpg 563w, https:\/\/www.laeraverdadera.com\/wp-content\/uploads\/2019\/02\/P1012576-285x214.jpg 285w\" sizes=\"auto, (max-width: 1024px) 100vw, 1024px\" \/><figcaption>SEMILLAS<\/figcaption><\/figure>\n\n\n\n<p>Por fin es hora de meter las manos en la tierra y comenzara sembrar nuestras semillas. Es verdad que a\u00fan es pronto para la siembra directa, pero es el momento perfecto para hacerlo en semilleros protegidos en invernaderos, terrazas cerradas, bajo la ventana, junto al radiador en la cocina, cualquier lugar es bueno.<\/p>\n\n\n\n<p>Durante el invierno soy un poco  como una ardillita y voy reservando las cosas que creo me podr\u00e1n servir. Es una forma de poner en pr\u00e1ctica la famosa R de reutilizar y de este modo voy almacenando, rollos de papel de vater, c\u00e1psulas de caf\u00e9, latas, envases varios, c\u00e1scaras de huevo, bricks&#8230;..,<\/p>\n\n\n\n<p>Siempre les encuentro diversas utilidades, pero sin duda la mejor es la de hacer semilleros. Aqu\u00ed os dejo una muestra de varios tipos de semilleros reciclados:<\/p>\n\n\n\n<ul class=\"wp-block-gallery columns-3 is-cropped wp-block-gallery-2 is-layout-flex wp-block-gallery-is-layout-flex\"><li class=\"blocks-gallery-item\"><figure><img loading=\"lazy\" decoding=\"async\" width=\"1024\" height=\"768\" src=\"https:\/\/laeraverdadera.com\/wp-content\/uploads\/2019\/02\/P1012578-1024x768.jpg\" alt=\"\" data-id=\"3649\" data-link=\"https:\/\/laeraverdadera.com\/?attachment_id=3649\" class=\"wp-image-3649\" srcset=\"https:\/\/www.laeraverdadera.com\/wp-content\/uploads\/2019\/02\/P1012578-1024x768.jpg 1024w, https:\/\/www.laeraverdadera.com\/wp-content\/uploads\/2019\/02\/P1012578-300x225.jpg 300w, https:\/\/www.laeraverdadera.com\/wp-content\/uploads\/2019\/02\/P1012578-768x576.jpg 768w, https:\/\/www.laeraverdadera.com\/wp-content\/uploads\/2019\/02\/P1012578-500x375.jpg 500w, https:\/\/www.laeraverdadera.com\/wp-content\/uploads\/2019\/02\/P1012578-563x422.jpg 563w, https:\/\/www.laeraverdadera.com\/wp-content\/uploads\/2019\/02\/P1012578-285x214.jpg 285w\" sizes=\"auto, (max-width: 1024px) 100vw, 1024px\" \/><figcaption>Semilleros con rollos de papel<\/figcaption><\/figure><\/li><li class=\"blocks-gallery-item\"><figure><img loading=\"lazy\" decoding=\"async\" width=\"1024\" height=\"768\" src=\"https:\/\/laeraverdadera.com\/wp-content\/uploads\/2019\/02\/P1012688-1024x768.jpg\" alt=\"Semilleros en cascara de huevo\" data-id=\"3650\" data-link=\"https:\/\/laeraverdadera.com\/?attachment_id=3650\" class=\"wp-image-3650\" srcset=\"https:\/\/www.laeraverdadera.com\/wp-content\/uploads\/2019\/02\/P1012688-1024x768.jpg 1024w, https:\/\/www.laeraverdadera.com\/wp-content\/uploads\/2019\/02\/P1012688-300x225.jpg 300w, https:\/\/www.laeraverdadera.com\/wp-content\/uploads\/2019\/02\/P1012688-768x576.jpg 768w, https:\/\/www.laeraverdadera.com\/wp-content\/uploads\/2019\/02\/P1012688-500x375.jpg 500w, https:\/\/www.laeraverdadera.com\/wp-content\/uploads\/2019\/02\/P1012688-563x422.jpg 563w, https:\/\/www.laeraverdadera.com\/wp-content\/uploads\/2019\/02\/P1012688-285x214.jpg 285w\" sizes=\"auto, (max-width: 1024px) 100vw, 1024px\" \/><figcaption>Semilleros en cascara de huevo<\/figcaption><\/figure><\/li><li class=\"blocks-gallery-item\"><figure><img loading=\"lazy\" decoding=\"async\" width=\"1024\" height=\"768\" src=\"https:\/\/laeraverdadera.com\/wp-content\/uploads\/2019\/02\/P1012690-1024x768.jpg\" alt=\"Semilleros con c\u00e1psulas de caf\u00e9\" data-id=\"3651\" data-link=\"https:\/\/laeraverdadera.com\/?attachment_id=3651\" class=\"wp-image-3651\" srcset=\"https:\/\/www.laeraverdadera.com\/wp-content\/uploads\/2019\/02\/P1012690-1024x768.jpg 1024w, https:\/\/www.laeraverdadera.com\/wp-content\/uploads\/2019\/02\/P1012690-300x225.jpg 300w, https:\/\/www.laeraverdadera.com\/wp-content\/uploads\/2019\/02\/P1012690-768x576.jpg 768w, https:\/\/www.laeraverdadera.com\/wp-content\/uploads\/2019\/02\/P1012690-500x375.jpg 500w, https:\/\/www.laeraverdadera.com\/wp-content\/uploads\/2019\/02\/P1012690-563x422.jpg 563w, https:\/\/www.laeraverdadera.com\/wp-content\/uploads\/2019\/02\/P1012690-285x214.jpg 285w\" sizes=\"auto, (max-width: 1024px) 100vw, 1024px\" \/><figcaption>Semilleros con c\u00e1psulas de caf\u00e9<\/figcaption><\/figure><\/li><li class=\"blocks-gallery-item\"><figure><img loading=\"lazy\" decoding=\"async\" width=\"1024\" height=\"768\" src=\"https:\/\/laeraverdadera.com\/wp-content\/uploads\/2019\/02\/P1012691-1024x768.jpg\" alt=\"Semillero con latas\" data-id=\"3652\" data-link=\"https:\/\/laeraverdadera.com\/?attachment_id=3652\" class=\"wp-image-3652\" srcset=\"https:\/\/www.laeraverdadera.com\/wp-content\/uploads\/2019\/02\/P1012691-1024x768.jpg 1024w, https:\/\/www.laeraverdadera.com\/wp-content\/uploads\/2019\/02\/P1012691-300x225.jpg 300w, https:\/\/www.laeraverdadera.com\/wp-content\/uploads\/2019\/02\/P1012691-768x576.jpg 768w, https:\/\/www.laeraverdadera.com\/wp-content\/uploads\/2019\/02\/P1012691-500x375.jpg 500w, https:\/\/www.laeraverdadera.com\/wp-content\/uploads\/2019\/02\/P1012691-563x422.jpg 563w, https:\/\/www.laeraverdadera.com\/wp-content\/uploads\/2019\/02\/P1012691-285x214.jpg 285w\" sizes=\"auto, (max-width: 1024px) 100vw, 1024px\" \/><figcaption>Semillero con latas<\/figcaption><\/figure><\/li><\/ul>\n\n\n\n<p>Como ves, vale casi cualquier recipiente para hacer semilleros: envases vac\u00edos de yogurt, bricks de zumo o leche, c\u00e1scaras de huevo, c\u00e1psulas de caf\u00e9, botellas, zapatos viejos\u2026 Es importante que tengan un buen drenaje, para ello basta con hacerles algunos orificios en la base y listo.<\/p>\n\n\n\n<p>Una vez hechos los semilleros toca plantar y marcar cada cosa, de nuevo el reciclaje y la imaginaci\u00f3n no tienen fin y suelo usar todo tipo de elementos para marcar mis cultivos. Piedras, pinzas de la ropa, palitos de helado, cucharas de madera o directamente sobre los envases. <\/p>\n\n\n\n<ul class=\"wp-block-gallery columns-1 is-cropped wp-block-gallery-3 is-layout-flex wp-block-gallery-is-layout-flex\"><li class=\"blocks-gallery-item\"><figure><img loading=\"lazy\" decoding=\"async\" width=\"1024\" height=\"768\" src=\"https:\/\/laeraverdadera.com\/wp-content\/uploads\/2019\/02\/P1012592-1024x768.jpg\" alt=\"\" data-id=\"3654\" data-link=\"https:\/\/laeraverdadera.com\/?attachment_id=3654\" class=\"wp-image-3654\" srcset=\"https:\/\/www.laeraverdadera.com\/wp-content\/uploads\/2019\/02\/P1012592-1024x768.jpg 1024w, https:\/\/www.laeraverdadera.com\/wp-content\/uploads\/2019\/02\/P1012592-300x225.jpg 300w, https:\/\/www.laeraverdadera.com\/wp-content\/uploads\/2019\/02\/P1012592-768x576.jpg 768w, https:\/\/www.laeraverdadera.com\/wp-content\/uploads\/2019\/02\/P1012592-500x375.jpg 500w, https:\/\/www.laeraverdadera.com\/wp-content\/uploads\/2019\/02\/P1012592-563x422.jpg 563w, https:\/\/www.laeraverdadera.com\/wp-content\/uploads\/2019\/02\/P1012592-285x214.jpg 285w\" sizes=\"auto, (max-width: 1024px) 100vw, 1024px\" \/><figcaption>Marcadores de cultivos<\/figcaption><\/figure><\/li><\/ul>\n\n\n\n<p>Adem\u00e1s de marcar las plantaciones, me gusta llevar un registro de lo que he plantado, c\u00f3mo y cu\u00e1ndo lo hecho. Para ello relleno una simple tablita donde anoto el cultivo, d\u00f3nde lo he hecho (si al aire libre o en semillero), cu\u00e1ndo ha germinado, cu\u00e1ndo ha sido el trasplante, la cosecha, las posibles incidencias&#8230;. <\/p>\n\n\n\n<figure class=\"wp-block-image\"><img loading=\"lazy\" decoding=\"async\" width=\"768\" height=\"1024\" src=\"https:\/\/laeraverdadera.com\/wp-content\/uploads\/2019\/02\/P1012700-1-e1551263963200-768x1024.jpg\" alt=\"Tabla registro de cultivos\" class=\"wp-image-3655\" srcset=\"https:\/\/www.laeraverdadera.com\/wp-content\/uploads\/2019\/02\/P1012700-1-e1551263963200-768x1024.jpg 768w, https:\/\/www.laeraverdadera.com\/wp-content\/uploads\/2019\/02\/P1012700-1-e1551263963200-225x300.jpg 225w, https:\/\/www.laeraverdadera.com\/wp-content\/uploads\/2019\/02\/P1012700-1-e1551263963200-317x422.jpg 317w, https:\/\/www.laeraverdadera.com\/wp-content\/uploads\/2019\/02\/P1012700-1-e1551263963200-188x250.jpg 188w\" sizes=\"auto, (max-width: 768px) 100vw, 768px\" \/><figcaption>Tabla registro de cultivos<\/figcaption><\/figure>\n\n\n\n<p>Ya solo queda tener algo de paciencia, mantener los semilleros h\u00famedos y calentitos. <\/p>\n\n\n\n<p>Durante este mes adem\u00e1s, puedes empezar a trabajar la tierra, airearla, liberarla de plantas advenedizas, ajustar los bancales, comprobar el estado de los riegos e incluso atreverte con la siembra directa de algunas semillas a finales de mes.<\/p>\n\n\n\n<p>Si quieres que te env\u00ede alguna de las tablas que te he mostardo, no tienes m\u00e1s que ped\u00edrmelo y con gusto te los mandar\u00e9.<\/p>\n\n\n\n<p>Si prefieres verlo todo en directo y llevarte tu dossier completo en mano, no lo dudes y ap\u00fantate al pr\u00f3ximo taller de iniciaci\u00f3n al huerto ecol\u00f3gico, d\u00f3nde trataremos todos estos temas y meteremos directamente la mano en la tierra para aprender practicando.  <\/p>\n\n\n\n<figure class=\"wp-block-image\"><img loading=\"lazy\" decoding=\"async\" width=\"940\" height=\"788\" src=\"https:\/\/laeraverdadera.com\/wp-content\/uploads\/2019\/02\/Huerta-ecol\u00f3gica.png\" alt=\"Taller de iniciaci\u00f3n a la huerta ecol\u00f3gica\" class=\"wp-image-3658\" srcset=\"https:\/\/www.laeraverdadera.com\/wp-content\/uploads\/2019\/02\/Huerta-ecol\u00f3gica.png 940w, https:\/\/www.laeraverdadera.com\/wp-content\/uploads\/2019\/02\/Huerta-ecol\u00f3gica-300x251.png 300w, https:\/\/www.laeraverdadera.com\/wp-content\/uploads\/2019\/02\/Huerta-ecol\u00f3gica-768x644.png 768w, https:\/\/www.laeraverdadera.com\/wp-content\/uploads\/2019\/02\/Huerta-ecol\u00f3gica-503x422.png 503w, https:\/\/www.laeraverdadera.com\/wp-content\/uploads\/2019\/02\/Huerta-ecol\u00f3gica-285x239.png 285w\" sizes=\"auto, (max-width: 940px) 100vw, 940px\" \/><figcaption>Taller de iniciaci\u00f3n a la huerta ecol\u00f3gica<\/figcaption><\/figure>\n\n\n\n<p>Y no dudes en compartirlo si sabes de alguien que est\u00e9 pensando en iniciarse en el mundo huertano. Cuantas m\u00e1s huertas ecol\u00f3gicas haya en el mundo m\u00e1s felices seremos todos. <\/p>\n","protected":false},"excerpt":{"rendered":"<p>Y por fin lleg\u00f3 marzo con el inicio de la primavera. Aunque a\u00fan nos queda casi un mes entero de invierno, la primavera ya se ve despuntar en el ambiente. No s\u00e9 t\u00fa, pero yo tengo ya unas ganas locas de ponerme a remover la tierra y cultivar. Marzo es [&hellip;]<\/p>\n","protected":false},"author":1,"featured_media":3663,"comment_status":"open","ping_status":"open","sticky":false,"template":"","format":"standard","meta":{"footnotes":""},"categories":[82,41,38],"tags":[212,211,209,208,210],"class_list":["post-3636","post","type-post","status-publish","format-standard","has-post-thumbnail","hentry","category-curiosidades","category-ecologia","category-huertos","tag-alquiler-de-huertas-ecologicas","tag-cultivos-de-primavera-y-verano","tag-huerta-eclogica","tag-huerta-en-marzo","tag-semilleros"],"_links":{"self":[{"href":"https:\/\/www.laeraverdadera.com\/index.php?rest_route=\/wp\/v2\/posts\/3636","targetHints":{"allow":["GET"]}}],"collection":[{"href":"https:\/\/www.laeraverdadera.com\/index.php?rest_route=\/wp\/v2\/posts"}],"about":[{"href":"https:\/\/www.laeraverdadera.com\/index.php?rest_route=\/wp\/v2\/types\/post"}],"author":[{"embeddable":true,"href":"https:\/\/www.laeraverdadera.com\/index.php?rest_route=\/wp\/v2\/users\/1"}],"replies":[{"embeddable":true,"href":"https:\/\/www.laeraverdadera.com\/index.php?rest_route=%2Fwp%2Fv2%2Fcomments&post=3636"}],"version-history":[{"count":7,"href":"https:\/\/www.laeraverdadera.com\/index.php?rest_route=\/wp\/v2\/posts\/3636\/revisions"}],"predecessor-version":[{"id":3667,"href":"https:\/\/www.laeraverdadera.com\/index.php?rest_route=\/wp\/v2\/posts\/3636\/revisions\/3667"}],"wp:featuredmedia":[{"embeddable":true,"href":"https:\/\/www.laeraverdadera.com\/index.php?rest_route=\/wp\/v2\/media\/3663"}],"wp:attachment":[{"href":"https:\/\/www.laeraverdadera.com\/index.php?rest_route=%2Fwp%2Fv2%2Fmedia&parent=3636"}],"wp:term":[{"taxonomy":"category","embeddable":true,"href":"https:\/\/www.laeraverdadera.com\/index.php?rest_route=%2Fwp%2Fv2%2Fcategories&post=3636"},{"taxonomy":"post_tag","embeddable":true,"href":"https:\/\/www.laeraverdadera.com\/index.php?rest_route=%2Fwp%2Fv2%2Ftags&post=3636"}],"curies":[{"name":"wp","href":"https:\/\/api.w.org\/{rel}","templated":true}]}}