{"id":3588,"date":"2019-02-20T15:07:29","date_gmt":"2019-02-20T15:07:29","guid":{"rendered":"https:\/\/laeraverdadera.com\/?p=3588"},"modified":"2024-06-05T09:23:11","modified_gmt":"2024-06-05T09:23:11","slug":"empanadillas-de-avena-espinacas-y-queso","status":"publish","type":"post","link":"https:\/\/www.laeraverdadera.com\/?p=3588","title":{"rendered":"Empanadillas de avena, espinacas y queso"},"content":{"rendered":"\n<p>Soy amante de las empanadillas, lo confieso. Me encantan y por eso siempre intento probar ideas nuevas de empanadillas. Me parece muy pr\u00e1ctico eso de comerte tu \u00abpaquetito\u00bb de un par de bocados y como encima se pueden rellenar de mil cosas dan mucho juego. <\/p>\n\n\n\n<!--more-->\n\n\n\n<p>En este caso os propongo una idea nueva para darles un toque de color y es usar espinacas tanto en la masa como en el relleno. Ni que decir tiene que se pueden rellenar de lo que uno m\u00e1s quiera, pero as\u00ed todo verdes me parec\u00edan s\u00faper monas. Estas empanadillas de avena, espinacas y queso se preparan en un pis pas y son una forma f\u00e1cil y divertida de comer sano. Adem\u00e1s al estar hechas con avena no tienen gluten, se hacen en el horno y son pura esperanza de tan verdecitas.<\/p>\n\n\n\n<!--WPRM Recipe 3595-->\n<div class=\"wprm-fallback-recipe\">\n\t<h2 class=\"wprm-fallback-recipe-name\">Empanadillas de espinacas, avena y queso<\/h2>\n\t<img decoding=\"async\" class=\"wprm-fallback-recipe-image\" src=\"https:\/\/www.laeraverdadera.com\/wp-content\/uploads\/2019\/02\/P1012381-e1550667067422-150x150.jpg\"\/>\t<p class=\"wprm-fallback-recipe-summary\">\n\t\t<p>Divertida receta para hacer unas deliciosas y sanas empanadillas de&nbsp; espinacas, avena y queso. F\u00e1ciles, divertidas, diferentes y sin gluten.&nbsp;<\/p>\t<\/p>\n\t<div class=\"wprm-fallback-recipe-equipment\">\n\t\t\t<\/div>\n\t<div class=\"wprm-fallback-recipe-ingredients\">\n\t\t<ul><li>150  gr harina de avena (copos de avena triturados)<\/li><li>150  gr espinacas cocidas y escurridas<\/li><li>1 clara de huevo<\/li><li>1 cucharadita de caf\u00e9 de levadura qu\u00edmica<\/li><li>1 cucharada sopera de cebolla en escamas ( o cualquier especia al gusto)<\/li><li>sal y pimienta<\/li><li>Para el relleno de Queso y Espinacas<\/li><li>1 cebolla grande<\/li><li>300 gr  de espinacas cocidas<\/li><li>1 cucharada sopera queso crema<\/li><li>80 gr queso feta<\/li><\/ul>\t<\/div>\n\t<div class=\"wprm-fallback-recipe-instructions\">\n\t\t<ol><li><p>Para la versi\u00f3n sin gluten, puede resultar dif\u00edcil encontrar harina de avena sin gluten en el mercado. Basta con triturar copos de vanea sin gluten en un procesador de alimentos hasta obtener consistencia de harina.<\/p><p>El primer paso es mezclar nuestra harina de avena con la cebolla en polvo, la levadura la sal y la pimienta<\/p><br \/><img decoding=\"async\" src=\"https:\/\/www.laeraverdadera.com\/wp-content\/uploads\/2019\/02\/P1012318-150x150.jpg\"\/><br \/><\/li><li><p>En un procesador de alimentos mezclar bien la clara de huevo con las espinacas. En la thermomix 10 segundos velocidad 5.&nbsp;<\/p><p>Se puede hacer tambi\u00e9n a mano con ayuda de un tenedor.<\/p><br \/><img decoding=\"async\" src=\"https:\/\/www.laeraverdadera.com\/wp-content\/uploads\/2019\/02\/P1012321-150x150.jpg\"\/><br \/><\/li><li><p>Agregar la mezcla de la harina a las espinacas y amasar hasta conseguir una masa homog\u00e9nea y manejable.<\/p><p>Con la thermomix 15 segundos a velocidad 6<\/p><br \/><img decoding=\"async\" src=\"https:\/\/www.laeraverdadera.com\/wp-content\/uploads\/2019\/02\/P1012323-1-150x150.jpg\"\/><br \/><\/li><li><p>Dividir la masa en dos, poner sobre papel para hornear, con otro papel encima y con ayuda de un rosillo estirar<\/p><br \/><img decoding=\"async\" src=\"https:\/\/www.laeraverdadera.com\/wp-content\/uploads\/2019\/02\/P1012331-1-150x150.jpg\"\/><br \/><\/li><li><p>Con ayuda de un cortador de galletas, aro de emplastar, vaso, taza o similar. Hacer c\u00edrculos<\/p><br \/><img decoding=\"async\" src=\"https:\/\/www.laeraverdadera.com\/wp-content\/uploads\/2019\/02\/P1012334-1-150x150.jpg\"\/><br \/><\/li><li><p>Salen unos 24 c\u00edrculos con un aro de 8 cent\u00edmetros de di\u00e1metro<\/p><br \/><img decoding=\"async\" src=\"https:\/\/www.laeraverdadera.com\/wp-content\/uploads\/2019\/02\/P1012336-1-150x150.jpg\"\/><br \/><\/li><li><p>Rellenar al gusto.<\/p><br \/><img decoding=\"async\" src=\"https:\/\/www.laeraverdadera.com\/wp-content\/uploads\/2019\/02\/P1012337-1-150x150.jpg\"\/><br \/><\/li><li><p>Sellar y cerrar con ayuda de un tenedor.<\/p><br \/><img decoding=\"async\" src=\"https:\/\/www.laeraverdadera.com\/wp-content\/uploads\/2019\/02\/P1012339-1-150x150.jpg\"\/><br \/><\/li><li><p>En horno precalentado a 180\u00baC, hornear con calor arriba y abajo entre 15-20 minutos<\/p><\/li><li><p>Yo he hecho un relleno de espinacas y queso.&nbsp;<\/p><\/li><li><p>Sofre\u00edr una par de cebollas peque\u00f1as o 1 grandes picaditas<\/p><br \/><img decoding=\"async\" src=\"https:\/\/www.laeraverdadera.com\/wp-content\/uploads\/2019\/02\/P1012327-1-150x150.jpg\"\/><br \/><\/li><li><p>A\u00f1adir las espinacas, salpimentar y rehogar junto con las cebollas<\/p><\/li><li><p>Agregar el queso crema una buena cucharada sopera<\/p><br \/><img decoding=\"async\" src=\"https:\/\/www.laeraverdadera.com\/wp-content\/uploads\/2019\/02\/P1012328-1-150x150.jpg\"\/><br \/><\/li><li><p>Incorporar bien el queso crema a las espinacas<\/p><br \/><img decoding=\"async\" src=\"https:\/\/www.laeraverdadera.com\/wp-content\/uploads\/2019\/02\/P1012329-1-150x150.jpg\"\/><br \/><\/li><li><p>Picar toscamente el queso feta y a\u00f1adir a las espinacas<\/p><br \/><img decoding=\"async\" src=\"https:\/\/www.laeraverdadera.com\/wp-content\/uploads\/2019\/02\/P1012330-1-150x150.jpg\"\/><br \/><\/li><li><p>Esta es s\u00f3lo una idea de relleno, se pueden rellenar de lo que se quiera. Verduras salteadas, at\u00fan con tomate, queso ricotta&#8230;.<\/p><\/li><\/ol>\t<\/div>\n\t<div class=\"wprm-fallback-recipe-notes\">\n\t\t\t<\/div>\n\t<div class=\"wprm-fallback-recipe-meta\">\n\t\t\t<\/div>\n<\/div>\n<!--End WPRM Recipe-->\n\n\n\n<figure class=\"wp-block-image\"><img loading=\"lazy\" decoding=\"async\" width=\"768\" height=\"1024\" src=\"https:\/\/laeraverdadera.com\/wp-content\/uploads\/2019\/02\/P1012363-e1550670501432-768x1024.jpg\" alt=\"empanadillas de espinacas, avena y queso\" class=\"wp-image-3613\" srcset=\"https:\/\/www.laeraverdadera.com\/wp-content\/uploads\/2019\/02\/P1012363-e1550670501432-768x1024.jpg 768w, https:\/\/www.laeraverdadera.com\/wp-content\/uploads\/2019\/02\/P1012363-e1550670501432-225x300.jpg 225w, https:\/\/www.laeraverdadera.com\/wp-content\/uploads\/2019\/02\/P1012363-e1550670501432-317x422.jpg 317w, https:\/\/www.laeraverdadera.com\/wp-content\/uploads\/2019\/02\/P1012363-e1550670501432-188x250.jpg 188w\" sizes=\"auto, (max-width: 768px) 100vw, 768px\" \/><figcaption class=\"wp-element-caption\">empanadillas de espinacas, avena y queso<\/figcaption><\/figure>\n","protected":false},"excerpt":{"rendered":"<p>Soy amante de las empanadillas, lo confieso. Me encantan y por eso siempre intento probar ideas nuevas de empanadillas. Me parece muy pr\u00e1ctico eso de comerte tu \u00abpaquetito\u00bb de un par de bocados y como encima se pueden rellenar de mil cosas dan mucho juego.<\/p>\n","protected":false},"author":1,"featured_media":3591,"comment_status":"open","ping_status":"open","sticky":false,"template":"","format":"standard","meta":{"footnotes":""},"categories":[70,110,182,232],"tags":[206,263,264,265,220,268,266,267],"class_list":["post-3588","post","type-post","status-publish","format-standard","has-post-thumbnail","hentry","category-recetas","category-saludable","category-sin-gluten","category-vegetariano","tag-empanadillas","tag-empanadillas-diferentes","tag-recetas-con-avena","tag-recetas-con-espinacas","tag-recetas-con-verduras","tag-recetas-sin-gluten","tag-recetas-ssaludables","tag-recetas-vegetarianas"],"_links":{"self":[{"href":"https:\/\/www.laeraverdadera.com\/index.php?rest_route=\/wp\/v2\/posts\/3588","targetHints":{"allow":["GET"]}}],"collection":[{"href":"https:\/\/www.laeraverdadera.com\/index.php?rest_route=\/wp\/v2\/posts"}],"about":[{"href":"https:\/\/www.laeraverdadera.com\/index.php?rest_route=\/wp\/v2\/types\/post"}],"author":[{"embeddable":true,"href":"https:\/\/www.laeraverdadera.com\/index.php?rest_route=\/wp\/v2\/users\/1"}],"replies":[{"embeddable":true,"href":"https:\/\/www.laeraverdadera.com\/index.php?rest_route=%2Fwp%2Fv2%2Fcomments&post=3588"}],"version-history":[{"count":2,"href":"https:\/\/www.laeraverdadera.com\/index.php?rest_route=\/wp\/v2\/posts\/3588\/revisions"}],"predecessor-version":[{"id":11347,"href":"https:\/\/www.laeraverdadera.com\/index.php?rest_route=\/wp\/v2\/posts\/3588\/revisions\/11347"}],"wp:featuredmedia":[{"embeddable":true,"href":"https:\/\/www.laeraverdadera.com\/index.php?rest_route=\/wp\/v2\/media\/3591"}],"wp:attachment":[{"href":"https:\/\/www.laeraverdadera.com\/index.php?rest_route=%2Fwp%2Fv2%2Fmedia&parent=3588"}],"wp:term":[{"taxonomy":"category","embeddable":true,"href":"https:\/\/www.laeraverdadera.com\/index.php?rest_route=%2Fwp%2Fv2%2Fcategories&post=3588"},{"taxonomy":"post_tag","embeddable":true,"href":"https:\/\/www.laeraverdadera.com\/index.php?rest_route=%2Fwp%2Fv2%2Ftags&post=3588"}],"curies":[{"name":"wp","href":"https:\/\/api.w.org\/{rel}","templated":true}]}}