{"id":3555,"date":"2019-02-13T13:44:42","date_gmt":"2019-02-13T13:44:42","guid":{"rendered":"https:\/\/laeraverdadera.com\/?p=3555"},"modified":"2019-02-13T13:44:44","modified_gmt":"2019-02-13T13:44:44","slug":"espaguetis-de-calabacin-con-pesto-de-remolacha","status":"publish","type":"post","link":"https:\/\/www.laeraverdadera.com\/?p=3555","title":{"rendered":"Espaguetis de calabacin con pesto de remolacha"},"content":{"rendered":"\n<p>Andaba yo pensando en una receta rosa, roja o con forma de coraz\u00f3n para festejar San Valent\u00edn. Tan s\u00f3lo ten\u00eda claro uno de los ingredientes: remolachas. No sab\u00eda si dulce o salada, y mirando y remirando las remolachas, me vino la inspiraci\u00f3n: Espaguetis de calabacin con pesto de remolacha. <\/p>\n\n\n\n<!--more-->\n\n\n\n<p>\u00daltimamente me ha dado fuerte con las remolachas, lo s\u00e9, pero es que son tan rojitas, aportan tanto color, son tan f\u00e1ciles y r\u00e1pidas de cultivar en la huerta y tienen tantos beneficios, que con tantas ventajas, no puedo dejar de pensar en ellas.<\/p>\n\n\n\n<p>Este pesto se puede usar tambi\u00e9n para condimentar cualquier tipo de pasta normal, pero es que los espaguetis de calabacin me chiflan y la combinaci\u00f3n de color verde del calabacin con el rojito de la remolacha queda tan mono. Adem\u00e1s esta versi\u00f3n es mucho m\u00e1s saludable y es una forma divertida de comer calabacines.<\/p>\n\n\n\n<p>Ya no me explayo m\u00e1s y os dejo con la receta, que de lo simple que es, os la pueden preparar los peque\u00f1os valentines de la casa y quedar como aut\u00e9nticos chefs. <\/p>\n\n\n\n<!--WPRM Recipe 3556-->\n<div class=\"wprm-fallback-recipe\">\n\t<h2 class=\"wprm-fallback-recipe-name\">Espaguetis de calabacin con pesto de remolacha<\/h2>\n\t<img decoding=\"async\" class=\"wprm-fallback-recipe-image\" src=\"https:\/\/laeraverdadera.com\/wp-content\/uploads\/2019\/02\/P1012272-150x150.jpg\"\/>\t<p class=\"wprm-fallback-recipe-summary\">\n\t\t<p>Receta r\u00e1pida y sencilla para preparar unos deliciosos espaguetis de calabacin con pesto de remolacha, sanos, divertidos y s\u00faper coloridos.&nbsp;<\/p>\t<\/p>\n\t<div class=\"wprm-fallback-recipe-ingredients\">\n\t\t<ul><li>3 o 4 calabacines finitos (para que quepan en el sacapuntas de verduras)<\/li><li>4 remolachas peque\u00f1as o 2 grandes<\/li><li>150  gr almendras tostadas sin sal<\/li><li>2  dientes ajo<\/li><li>100 gr  aceite de oliva<\/li><li>120 gr queso parmesano<\/li><li>sal y pimienta<\/li><\/ul>\t<\/div>\n\t<div class=\"wprm-fallback-recipe-instructions\">\n\t\t<ol><li><p>Lavar bien nuestros calabacines y \u00absacarles punta\u00bb. Si no ten\u00e9is un sacapuntas de verduras o vuestros calabacines son muy gordos, los podeis cortar en tiras finas con ayuda de una mandolina o con un cuchillo alfilado.<\/p><br \/><img decoding=\"async\" src=\"https:\/\/laeraverdadera.com\/wp-content\/uploads\/2019\/02\/P1012255-150x150.jpg\"\/><br \/><\/li><li><p>Vamos con el pesto. Lo primero si nuestras almendras no est\u00e1n peladas, es pelarlas, bien frot\u00e1ndolas entre ellas con las dos manos.<\/p><br \/><img decoding=\"async\" src=\"https:\/\/laeraverdadera.com\/wp-content\/uploads\/2019\/02\/P1012256-150x150.jpg\"\/><br \/><\/li><li><p>Bien remoj\u00e1ndolas unos segundos en agua caliente. La piel se quita pr\u00e1cticamente sola.<\/p><br \/><img decoding=\"async\" src=\"https:\/\/laeraverdadera.com\/wp-content\/uploads\/2019\/02\/P1012257-150x150.jpg\"\/><br \/><\/li><li><p>pelar uno de los dientes de ajo, quitarle el coraz\u00f3n si est\u00e1 germinado y meter en la licuadora, thermomix, turmix&#8230; junto al resto de los ingredientes. (Salvo los calabacines)<\/p><br \/><img decoding=\"async\" src=\"https:\/\/laeraverdadera.com\/wp-content\/uploads\/2019\/02\/P1012258-150x150.jpg\"\/><br \/><\/li><li><p>Triturar todos los ingredientes del pesto ( ajo, remolachas, aceite, almendras y queso) salpimentar al gusto<\/p><br \/><img decoding=\"async\" src=\"https:\/\/laeraverdadera.com\/wp-content\/uploads\/2019\/02\/P1012260-150x150.jpg\"\/><br \/><\/li><li><p>En una sart\u00e9n calentar un chorrito de aceite de oliva y laminar y dorar el otro diente de ajo.<\/p><br \/><img decoding=\"async\" src=\"https:\/\/laeraverdadera.com\/wp-content\/uploads\/2019\/02\/P1012264-150x150.jpg\"\/><br \/><\/li><li><p>Cuando los ajos est\u00e9n doraditos, saltear los espaguetis de calabacin unos minutos.<\/p><br \/><img decoding=\"async\" src=\"https:\/\/laeraverdadera.com\/wp-content\/uploads\/2019\/02\/P1012269-150x150.jpg\"\/><br \/><\/li><li><p>Escurrir el exceso de agua de los espaguetis, emplatar y agregar el pesto de remolacha. Adornar con unas lascas de parmesano<\/p><br \/><img decoding=\"async\" src=\"https:\/\/laeraverdadera.com\/wp-content\/uploads\/2019\/02\/P1012270-150x150.jpg\"\/><br \/><\/li><\/ol>\t<\/div>\n\t<div class=\"wprm-fallback-recipe-notes\">\n\t\t\t<\/div>\n<\/div>\n<!--End WPRM Recipe-->\n\n\n\n<figure class=\"wp-block-image\"><img loading=\"lazy\" decoding=\"async\" width=\"1024\" height=\"768\" src=\"https:\/\/laeraverdadera.com\/wp-content\/uploads\/2019\/02\/P1012280-1024x768.jpg\" alt=\"espaguetis de calabacin con pesto de remolacha\" class=\"wp-image-3575\" srcset=\"https:\/\/www.laeraverdadera.com\/wp-content\/uploads\/2019\/02\/P1012280-1024x768.jpg 1024w, https:\/\/www.laeraverdadera.com\/wp-content\/uploads\/2019\/02\/P1012280-300x225.jpg 300w, https:\/\/www.laeraverdadera.com\/wp-content\/uploads\/2019\/02\/P1012280-768x576.jpg 768w, https:\/\/www.laeraverdadera.com\/wp-content\/uploads\/2019\/02\/P1012280-500x375.jpg 500w, https:\/\/www.laeraverdadera.com\/wp-content\/uploads\/2019\/02\/P1012280-563x422.jpg 563w, https:\/\/www.laeraverdadera.com\/wp-content\/uploads\/2019\/02\/P1012280-285x214.jpg 285w\" sizes=\"auto, (max-width: 1024px) 100vw, 1024px\" \/><figcaption>espaguetis de calabacin con pesto de remolacha<\/figcaption><\/figure>\n","protected":false},"excerpt":{"rendered":"<p>Andaba yo pensando en una receta rosa, roja o con forma de coraz\u00f3n para festejar San Valent\u00edn. Tan s\u00f3lo ten\u00eda claro uno de los ingredientes: remolachas. No sab\u00eda si dulce o salada, y mirando y remirando las remolachas, me vino la inspiraci\u00f3n: Espaguetis de calabacin con pesto de remolacha.<\/p>\n","protected":false},"author":1,"featured_media":3573,"comment_status":"open","ping_status":"open","sticky":false,"template":"","format":"standard","meta":{"footnotes":""},"categories":[70,110,182],"tags":[193,195,194,107,118,113],"class_list":["post-3555","post","type-post","status-publish","format-standard","has-post-thumbnail","hentry","category-recetas","category-saludable","category-sin-gluten","tag-espaguetis-de-calabacin","tag-gluten-free","tag-pesto-de-remolacha","tag-receta-saludable","tag-sin-gluten","tag-vegetariana"],"_links":{"self":[{"href":"https:\/\/www.laeraverdadera.com\/index.php?rest_route=\/wp\/v2\/posts\/3555","targetHints":{"allow":["GET"]}}],"collection":[{"href":"https:\/\/www.laeraverdadera.com\/index.php?rest_route=\/wp\/v2\/posts"}],"about":[{"href":"https:\/\/www.laeraverdadera.com\/index.php?rest_route=\/wp\/v2\/types\/post"}],"author":[{"embeddable":true,"href":"https:\/\/www.laeraverdadera.com\/index.php?rest_route=\/wp\/v2\/users\/1"}],"replies":[{"embeddable":true,"href":"https:\/\/www.laeraverdadera.com\/index.php?rest_route=%2Fwp%2Fv2%2Fcomments&post=3555"}],"version-history":[{"count":1,"href":"https:\/\/www.laeraverdadera.com\/index.php?rest_route=\/wp\/v2\/posts\/3555\/revisions"}],"predecessor-version":[{"id":3576,"href":"https:\/\/www.laeraverdadera.com\/index.php?rest_route=\/wp\/v2\/posts\/3555\/revisions\/3576"}],"wp:featuredmedia":[{"embeddable":true,"href":"https:\/\/www.laeraverdadera.com\/index.php?rest_route=\/wp\/v2\/media\/3573"}],"wp:attachment":[{"href":"https:\/\/www.laeraverdadera.com\/index.php?rest_route=%2Fwp%2Fv2%2Fmedia&parent=3555"}],"wp:term":[{"taxonomy":"category","embeddable":true,"href":"https:\/\/www.laeraverdadera.com\/index.php?rest_route=%2Fwp%2Fv2%2Fcategories&post=3555"},{"taxonomy":"post_tag","embeddable":true,"href":"https:\/\/www.laeraverdadera.com\/index.php?rest_route=%2Fwp%2Fv2%2Ftags&post=3555"}],"curies":[{"name":"wp","href":"https:\/\/api.w.org\/{rel}","templated":true}]}}