{"id":3403,"date":"2019-01-23T13:29:06","date_gmt":"2019-01-23T13:29:06","guid":{"rendered":"https:\/\/laeraverdadera.com\/?p=3403"},"modified":"2019-01-23T13:29:06","modified_gmt":"2019-01-23T13:29:06","slug":"pastel-de-zanahorias-saludable","status":"publish","type":"post","link":"https:\/\/www.laeraverdadera.com\/?p=3403","title":{"rendered":"Pastel de zanahorias saludable"},"content":{"rendered":"<h1>Pastel de Zanahorias Saludable<\/h1>\n<p>Hoy 23 de enero es el d\u00eda mundial de la Tarta, s\u00ed s\u00ed, has le\u00eddo bien el D\u00cdA DE LA TARTA. Es un poco parad\u00f3jico que el d\u00eda mundial de la Tarta este en pleno mes de enero, consabido mes de las dietas. Yo creo que est\u00e1 hecho para tomar un respiro y seguir con m\u00e1s fuerza y por eso he decidido que hoy era el d\u00eda ideal para publicar este delicioso pastel de zanahorias saludable. Porque ya que es el d\u00eda mundial de la Tarta, habr\u00e1 que celebrarlo como se merece, comiendo una ?<\/p>\n<p>Este pastel de Zanahorias saludable, es incre\u00edble. Es f\u00e1cil y r\u00e1pido de hacer y adem\u00e1s es mucho m\u00e1s sano que la versi\u00f3n azucarada, adem\u00e1s sin gluten.<\/p>\n<p><!--more-->Seguramente os sorprendan algunos de los ingredientes, pero es que he empezado el a\u00f1o con el verde subido y a todo le tengo que poner, verduras, legumbres o frutos secos.<\/p>\n<p>En cualquier caso, esta receta es deliciosa y un trozo de este pastel es una merienda o desayuno completo, lleno de prote\u00ednas, y buenas propiedades. No lleva harina y el bizcocho tan s\u00f3lo contiene una cucharada de aceite, el resto son frutos secos, zanahorias, huevos y el ingrediente sorpresa: garbanzos. S\u00ed, de nuevo hab\u00e9is le\u00eddo bien, garbanzos en un bizcocho. Gracias a las legumbres, podemos sustituir parte de las grasas y harinas y nos quedan unos bizcochos exquisitos y mucho m\u00e1s saludables. Truquito a tener en cuenta para los golosos a dieta del grupo ? Eso s\u00ed, los que est\u00e9n a dieta que no se piensen que por ser saludable no va a alterar su r\u00e9gimen si se comen la tarta entera. Es una opci\u00f3n 100 veces mejor que la tradicional, pero no deja de ser un alimento completo con una buena raci\u00f3n de prote\u00ednas.<\/p>\n<p>Esta es una de las primeras recetas con ingredientes \u201cdistintos\u201d en reposter\u00eda, os ir\u00e9 poniendo m\u00e1s a lo largo del a\u00f1o. Si poco a poco vamos aprendiendo a comer mejor, y eliminamos azucares, grasas y harinas superfluos, eso que tendremos ganado y encima son recetas deliciosas y f\u00e1ciles. As\u00ed que a disfrutar del d\u00eda mundial de la Tarta.<\/p>\n<p>En esta ocasi\u00f3n por ser d\u00eda de fiesta \u201ctartil\u201d he optado por hacer tambi\u00e9n un frosting saludable, pero el bizcocho se puede dejar tal cual y est\u00e1 igualmente delicioso.<\/p>\n<h2>Ingredientes para el bizcocho:<\/h2>\n<figure id=\"attachment_3411\" aria-describedby=\"caption-attachment-3411\" style=\"width: 300px\" class=\"wp-caption alignnone\"><img loading=\"lazy\" decoding=\"async\" class=\"size-medium wp-image-3411\" src=\"https:\/\/laeraverdadera.com\/wp-content\/uploads\/2019\/01\/ingredientes-bizcocho-300x225.jpg\" alt=\"pastel de zanahorias saludable\" width=\"300\" height=\"225\" srcset=\"https:\/\/www.laeraverdadera.com\/wp-content\/uploads\/2019\/01\/ingredientes-bizcocho-300x225.jpg 300w, https:\/\/www.laeraverdadera.com\/wp-content\/uploads\/2019\/01\/ingredientes-bizcocho-768x576.jpg 768w, https:\/\/www.laeraverdadera.com\/wp-content\/uploads\/2019\/01\/ingredientes-bizcocho-1024x768.jpg 1024w, https:\/\/www.laeraverdadera.com\/wp-content\/uploads\/2019\/01\/ingredientes-bizcocho-563x422.jpg 563w, https:\/\/www.laeraverdadera.com\/wp-content\/uploads\/2019\/01\/ingredientes-bizcocho-285x214.jpg 285w\" sizes=\"auto, (max-width: 300px) 100vw, 300px\" \/><figcaption id=\"caption-attachment-3411\" class=\"wp-caption-text\">ingredientes bizcocho<\/figcaption><\/figure>\n<ul>\n<li>3 huevos de corral a temperatura ambiente<\/li>\n<li>2 cucharadas de Stevia, pero si no os convence el sabor de la stevia se puede sustituir por 3 cucharadas de az\u00facar de coco, de crema de d\u00e1til, miel, sirope de agave, panela o el endulzante que m\u00e1s os guste por casa.<\/li>\n<li>80 gr de garbanzos cocidos sin sal. Yo he usado en conserva.<\/li>\n<li>1 cucharada de aceite de girasol<\/li>\n<li>2 cucharadas de leche de almendras (se puede sustituir por el tipo de leche que m\u00e1s os guste)<\/li>\n<li>1 cucharadita de extracto de vainilla<\/li>\n<li>1 pu\u00f1ado de nueces, tambi\u00e9n se le pueden a\u00f1adir otro pu\u00f1ado de uvas pasas<\/li>\n<li>80 gr de harina de almendras, es decir almendras molidas (si no tienes se puede sustituir por 80 gr de Avena molida o harina de trigo integral)<\/li>\n<li>1 cucharadita de levadura qu\u00edmica<\/li>\n<li>2 cucharaditas de canela en polvo<\/li>\n<li>100 gr de zanahorias ralladas<\/li>\n<\/ul>\n<h2>Preparaci\u00f3n:<\/h2>\n<ol>\n<li>Precalentamos el horno con calor arriba y abajo a 180\u00baC<\/li>\n<li>Separamos las claras de las yemas con cuidado de que no se mezclen. Reservamos las claras.\n<p><figure id=\"attachment_3419\" aria-describedby=\"caption-attachment-3419\" style=\"width: 300px\" class=\"wp-caption alignnone\"><img loading=\"lazy\" decoding=\"async\" class=\"size-medium wp-image-3419\" src=\"https:\/\/laeraverdadera.com\/wp-content\/uploads\/2019\/01\/separar-claras-y-yemas-300x225.jpg\" alt=\"pastel de zanahorias saludable\" width=\"300\" height=\"225\" srcset=\"https:\/\/www.laeraverdadera.com\/wp-content\/uploads\/2019\/01\/separar-claras-y-yemas-300x225.jpg 300w, https:\/\/www.laeraverdadera.com\/wp-content\/uploads\/2019\/01\/separar-claras-y-yemas-768x576.jpg 768w, https:\/\/www.laeraverdadera.com\/wp-content\/uploads\/2019\/01\/separar-claras-y-yemas-1024x768.jpg 1024w, https:\/\/www.laeraverdadera.com\/wp-content\/uploads\/2019\/01\/separar-claras-y-yemas-563x422.jpg 563w, https:\/\/www.laeraverdadera.com\/wp-content\/uploads\/2019\/01\/separar-claras-y-yemas-285x214.jpg 285w\" sizes=\"auto, (max-width: 300px) 100vw, 300px\" \/><figcaption id=\"caption-attachment-3419\" class=\"wp-caption-text\">separamos claras y yemas<\/figcaption><\/figure><\/li>\n<li>En un procesador de alimentos iremos incorporaremos los siguientes ingredientes: las yemas, garbanzos, harina de almendras, levadura, canela y leche. Trituramos hasta obtener una masa homog\u00e9nea.\n<figure id=\"attachment_3422\" aria-describedby=\"caption-attachment-3422\" style=\"width: 300px\" class=\"wp-caption alignnone\"><img loading=\"lazy\" decoding=\"async\" class=\"size-medium wp-image-3422\" src=\"https:\/\/laeraverdadera.com\/wp-content\/uploads\/2019\/01\/todos-los-ingredientes-salvo-zanahorias-claras-y-nueces-300x225.jpg\" alt=\"pastel de zanahorias saludable\" width=\"300\" height=\"225\" srcset=\"https:\/\/www.laeraverdadera.com\/wp-content\/uploads\/2019\/01\/todos-los-ingredientes-salvo-zanahorias-claras-y-nueces-300x225.jpg 300w, https:\/\/www.laeraverdadera.com\/wp-content\/uploads\/2019\/01\/todos-los-ingredientes-salvo-zanahorias-claras-y-nueces-768x576.jpg 768w, https:\/\/www.laeraverdadera.com\/wp-content\/uploads\/2019\/01\/todos-los-ingredientes-salvo-zanahorias-claras-y-nueces-1024x768.jpg 1024w, https:\/\/www.laeraverdadera.com\/wp-content\/uploads\/2019\/01\/todos-los-ingredientes-salvo-zanahorias-claras-y-nueces-563x422.jpg 563w, https:\/\/www.laeraverdadera.com\/wp-content\/uploads\/2019\/01\/todos-los-ingredientes-salvo-zanahorias-claras-y-nueces-285x214.jpg 285w\" sizes=\"auto, (max-width: 300px) 100vw, 300px\" \/><figcaption id=\"caption-attachment-3422\" class=\"wp-caption-text\">meter en procesador todos los ingredientes salvo, claras, zanahorias y nueces<\/figcaption><\/figure>\n<p><figure id=\"attachment_3416\" aria-describedby=\"caption-attachment-3416\" style=\"width: 300px\" class=\"wp-caption alignnone\"><img loading=\"lazy\" decoding=\"async\" class=\"size-medium wp-image-3416\" src=\"https:\/\/laeraverdadera.com\/wp-content\/uploads\/2019\/01\/mezclar-hasta-mezcla-homogenea-300x225.jpg\" alt=\"pastel de zanahorias saludable\" width=\"300\" height=\"225\" srcset=\"https:\/\/www.laeraverdadera.com\/wp-content\/uploads\/2019\/01\/mezclar-hasta-mezcla-homogenea-300x225.jpg 300w, https:\/\/www.laeraverdadera.com\/wp-content\/uploads\/2019\/01\/mezclar-hasta-mezcla-homogenea-768x576.jpg 768w, https:\/\/www.laeraverdadera.com\/wp-content\/uploads\/2019\/01\/mezclar-hasta-mezcla-homogenea-1024x768.jpg 1024w, https:\/\/www.laeraverdadera.com\/wp-content\/uploads\/2019\/01\/mezclar-hasta-mezcla-homogenea-563x422.jpg 563w, https:\/\/www.laeraverdadera.com\/wp-content\/uploads\/2019\/01\/mezclar-hasta-mezcla-homogenea-285x214.jpg 285w\" sizes=\"auto, (max-width: 300px) 100vw, 300px\" \/><figcaption id=\"caption-attachment-3416\" class=\"wp-caption-text\">procesar hasta mezcla homog\u00e9nea<\/figcaption><\/figure><\/li>\n<li>Montamos las claras con una pizquita de sal.<\/li>\n<li>Cuando tengamos las claras a punto de nieve, agregaremos la mitad a nuestra mezcla y la incorporaremos despacio con movimientos envolventes, queremos que le entre aire a nuestra masa.\n<p><figure id=\"attachment_3410\" aria-describedby=\"caption-attachment-3410\" style=\"width: 300px\" class=\"wp-caption alignnone\"><img loading=\"lazy\" decoding=\"async\" class=\"size-medium wp-image-3410\" src=\"https:\/\/laeraverdadera.com\/wp-content\/uploads\/2019\/01\/incorporar-la-mitad-de-las-claras-montadas-300x225.jpg\" alt=\"pastel de zanahorias saludable\" width=\"300\" height=\"225\" srcset=\"https:\/\/www.laeraverdadera.com\/wp-content\/uploads\/2019\/01\/incorporar-la-mitad-de-las-claras-montadas-300x225.jpg 300w, https:\/\/www.laeraverdadera.com\/wp-content\/uploads\/2019\/01\/incorporar-la-mitad-de-las-claras-montadas-768x576.jpg 768w, https:\/\/www.laeraverdadera.com\/wp-content\/uploads\/2019\/01\/incorporar-la-mitad-de-las-claras-montadas-1024x768.jpg 1024w, https:\/\/www.laeraverdadera.com\/wp-content\/uploads\/2019\/01\/incorporar-la-mitad-de-las-claras-montadas-563x422.jpg 563w, https:\/\/www.laeraverdadera.com\/wp-content\/uploads\/2019\/01\/incorporar-la-mitad-de-las-claras-montadas-285x214.jpg 285w\" sizes=\"auto, (max-width: 300px) 100vw, 300px\" \/><figcaption id=\"caption-attachment-3410\" class=\"wp-caption-text\">agregar la mitad de las claras<\/figcaption><\/figure><\/li>\n<li>Ahora es hora de agregar las nueces picadas, en su caso las pasas y las zanahorias, mezclamos.\n<figure id=\"attachment_3404\" aria-describedby=\"caption-attachment-3404\" style=\"width: 300px\" class=\"wp-caption alignnone\"><img loading=\"lazy\" decoding=\"async\" class=\"size-medium wp-image-3404\" src=\"https:\/\/laeraverdadera.com\/wp-content\/uploads\/2019\/01\/agregar-nueces-300x225.jpg\" alt=\"pastel de zanahorias saludable\" width=\"300\" height=\"225\" srcset=\"https:\/\/www.laeraverdadera.com\/wp-content\/uploads\/2019\/01\/agregar-nueces-300x225.jpg 300w, https:\/\/www.laeraverdadera.com\/wp-content\/uploads\/2019\/01\/agregar-nueces-768x576.jpg 768w, https:\/\/www.laeraverdadera.com\/wp-content\/uploads\/2019\/01\/agregar-nueces-1024x768.jpg 1024w, https:\/\/www.laeraverdadera.com\/wp-content\/uploads\/2019\/01\/agregar-nueces-563x422.jpg 563w, https:\/\/www.laeraverdadera.com\/wp-content\/uploads\/2019\/01\/agregar-nueces-285x214.jpg 285w\" sizes=\"auto, (max-width: 300px) 100vw, 300px\" \/><figcaption id=\"caption-attachment-3404\" class=\"wp-caption-text\">a\u00f1adimos las nueces<\/figcaption><\/figure>\n<p><figure id=\"attachment_3405\" aria-describedby=\"caption-attachment-3405\" style=\"width: 300px\" class=\"wp-caption alignnone\"><img loading=\"lazy\" decoding=\"async\" class=\"size-medium wp-image-3405\" src=\"https:\/\/laeraverdadera.com\/wp-content\/uploads\/2019\/01\/agregar-zanahorias-300x225.jpg\" alt=\"pastel de zanahorias saludable\" width=\"300\" height=\"225\" srcset=\"https:\/\/www.laeraverdadera.com\/wp-content\/uploads\/2019\/01\/agregar-zanahorias-300x225.jpg 300w, https:\/\/www.laeraverdadera.com\/wp-content\/uploads\/2019\/01\/agregar-zanahorias-768x576.jpg 768w, https:\/\/www.laeraverdadera.com\/wp-content\/uploads\/2019\/01\/agregar-zanahorias-1024x768.jpg 1024w, https:\/\/www.laeraverdadera.com\/wp-content\/uploads\/2019\/01\/agregar-zanahorias-563x422.jpg 563w, https:\/\/www.laeraverdadera.com\/wp-content\/uploads\/2019\/01\/agregar-zanahorias-285x214.jpg 285w\" sizes=\"auto, (max-width: 300px) 100vw, 300px\" \/><figcaption id=\"caption-attachment-3405\" class=\"wp-caption-text\">agregamos las zanahorias<\/figcaption><\/figure><\/li>\n<li>Agregamos el resto de las claras y terminamos de mezclar.\n<figure id=\"attachment_3409\" aria-describedby=\"caption-attachment-3409\" style=\"width: 300px\" class=\"wp-caption alignnone\"><img loading=\"lazy\" decoding=\"async\" class=\"size-medium wp-image-3409\" src=\"https:\/\/laeraverdadera.com\/wp-content\/uploads\/2019\/01\/incorporar-el-resto-de-las-claras-300x225.jpg\" alt=\"pastel de zanahorias saludable\" width=\"300\" height=\"225\" srcset=\"https:\/\/www.laeraverdadera.com\/wp-content\/uploads\/2019\/01\/incorporar-el-resto-de-las-claras-300x225.jpg 300w, https:\/\/www.laeraverdadera.com\/wp-content\/uploads\/2019\/01\/incorporar-el-resto-de-las-claras-768x576.jpg 768w, https:\/\/www.laeraverdadera.com\/wp-content\/uploads\/2019\/01\/incorporar-el-resto-de-las-claras-1024x768.jpg 1024w, https:\/\/www.laeraverdadera.com\/wp-content\/uploads\/2019\/01\/incorporar-el-resto-de-las-claras-563x422.jpg 563w, https:\/\/www.laeraverdadera.com\/wp-content\/uploads\/2019\/01\/incorporar-el-resto-de-las-claras-285x214.jpg 285w\" sizes=\"auto, (max-width: 300px) 100vw, 300px\" \/><figcaption id=\"caption-attachment-3409\" class=\"wp-caption-text\">incorporar el resto de las claras<\/figcaption><\/figure>\n<p><figure id=\"attachment_3417\" aria-describedby=\"caption-attachment-3417\" style=\"width: 300px\" class=\"wp-caption alignnone\"><img loading=\"lazy\" decoding=\"async\" class=\"size-medium wp-image-3417\" src=\"https:\/\/laeraverdadera.com\/wp-content\/uploads\/2019\/01\/mezclar-suavemente-300x225.jpg\" alt=\"pastel de zanahorias saludable\" width=\"300\" height=\"225\" srcset=\"https:\/\/www.laeraverdadera.com\/wp-content\/uploads\/2019\/01\/mezclar-suavemente-300x225.jpg 300w, https:\/\/www.laeraverdadera.com\/wp-content\/uploads\/2019\/01\/mezclar-suavemente-768x576.jpg 768w, https:\/\/www.laeraverdadera.com\/wp-content\/uploads\/2019\/01\/mezclar-suavemente-1024x768.jpg 1024w, https:\/\/www.laeraverdadera.com\/wp-content\/uploads\/2019\/01\/mezclar-suavemente-563x422.jpg 563w, https:\/\/www.laeraverdadera.com\/wp-content\/uploads\/2019\/01\/mezclar-suavemente-285x214.jpg 285w\" sizes=\"auto, (max-width: 300px) 100vw, 300px\" \/><figcaption id=\"caption-attachment-3417\" class=\"wp-caption-text\">masa lista<\/figcaption><\/figure><\/li>\n<li>Engrasamos unos moldes, yo he usado dos peque\u00f1os para rellenar y cubrir la tarta con el frosting, pero se puede hacer en un molde rectangular o redondo m\u00e1s grande.<\/li>\n<li>Horneamos con calor arriba y abajo a 180\u00baC unos 20 minutos, hasta que al introducir un palillo nos salga limpio.<\/li>\n<li>Dejamos enfriar.\n<p><figure id=\"attachment_3408\" aria-describedby=\"caption-attachment-3408\" style=\"width: 300px\" class=\"wp-caption alignnone\"><img loading=\"lazy\" decoding=\"async\" class=\"size-medium wp-image-3408\" src=\"https:\/\/laeraverdadera.com\/wp-content\/uploads\/2019\/01\/enfriar-bizcocho-sobre-una-rejilla-300x225.jpg\" alt=\"pastel de zanahorias saludable\" width=\"300\" height=\"225\" srcset=\"https:\/\/www.laeraverdadera.com\/wp-content\/uploads\/2019\/01\/enfriar-bizcocho-sobre-una-rejilla-300x225.jpg 300w, https:\/\/www.laeraverdadera.com\/wp-content\/uploads\/2019\/01\/enfriar-bizcocho-sobre-una-rejilla-768x576.jpg 768w, https:\/\/www.laeraverdadera.com\/wp-content\/uploads\/2019\/01\/enfriar-bizcocho-sobre-una-rejilla-1024x768.jpg 1024w, https:\/\/www.laeraverdadera.com\/wp-content\/uploads\/2019\/01\/enfriar-bizcocho-sobre-una-rejilla-563x422.jpg 563w, https:\/\/www.laeraverdadera.com\/wp-content\/uploads\/2019\/01\/enfriar-bizcocho-sobre-una-rejilla-285x214.jpg 285w\" sizes=\"auto, (max-width: 300px) 100vw, 300px\" \/><figcaption id=\"caption-attachment-3408\" class=\"wp-caption-text\">dejar enfriar el bizcocho sobre una rejilla<\/figcaption><\/figure><\/li>\n<\/ol>\n<h1>Frosting vegano y sin az\u00facar<\/h1>\n<h2>Ingredientes:<\/h2>\n<figure id=\"attachment_3412\" aria-describedby=\"caption-attachment-3412\" style=\"width: 300px\" class=\"wp-caption alignnone\"><img loading=\"lazy\" decoding=\"async\" class=\"size-medium wp-image-3412\" src=\"https:\/\/laeraverdadera.com\/wp-content\/uploads\/2019\/01\/ingredientes-frosting-300x225.jpg\" alt=\"pastel de zanahorias saludable\" width=\"300\" height=\"225\" srcset=\"https:\/\/www.laeraverdadera.com\/wp-content\/uploads\/2019\/01\/ingredientes-frosting-300x225.jpg 300w, https:\/\/www.laeraverdadera.com\/wp-content\/uploads\/2019\/01\/ingredientes-frosting-768x576.jpg 768w, https:\/\/www.laeraverdadera.com\/wp-content\/uploads\/2019\/01\/ingredientes-frosting-1024x768.jpg 1024w, https:\/\/www.laeraverdadera.com\/wp-content\/uploads\/2019\/01\/ingredientes-frosting-563x422.jpg 563w, https:\/\/www.laeraverdadera.com\/wp-content\/uploads\/2019\/01\/ingredientes-frosting-285x214.jpg 285w\" sizes=\"auto, (max-width: 300px) 100vw, 300px\" \/><figcaption id=\"caption-attachment-3412\" class=\"wp-caption-text\">ingredientes frosting<\/figcaption><\/figure>\n<ul>\n<li>150 gr de anacardos crudos puesto en remojo al menos un par de horas<\/li>\n<li>250 gr de leche de almendras (se puede sustituir por cualquier tipo de leche)<\/li>\n<li>Zumo de medio lim\u00f3n<\/li>\n<li>vainilla<\/li>\n<li>1 sobre de AGAR AGAR (es un alga que sirve de espesante)<\/li>\n<li>1 cucharadita de endulzante (yo en este caso he usado xilitol)<\/li>\n<\/ul>\n<p>&nbsp;<\/p>\n<ol>\n<li>Mientras el bizcocho se enfr\u00eda sobre una rejilla es buen momento para empezar con el frosting.<\/li>\n<li>Metemos todos los ingredientes en un procesador de alimentos y los trituramos hasta obtener una crema suave y uniforme.\n<p><figure id=\"attachment_3413\" aria-describedby=\"caption-attachment-3413\" style=\"width: 300px\" class=\"wp-caption alignnone\"><img loading=\"lazy\" decoding=\"async\" class=\"size-medium wp-image-3413\" src=\"https:\/\/laeraverdadera.com\/wp-content\/uploads\/2019\/01\/instroducir-todos-los-ingredientes-en-un-procesador-de-alimentos-300x225.jpg\" alt=\"pastel de zanahorias saludable\" width=\"300\" height=\"225\" srcset=\"https:\/\/www.laeraverdadera.com\/wp-content\/uploads\/2019\/01\/instroducir-todos-los-ingredientes-en-un-procesador-de-alimentos-300x225.jpg 300w, https:\/\/www.laeraverdadera.com\/wp-content\/uploads\/2019\/01\/instroducir-todos-los-ingredientes-en-un-procesador-de-alimentos-768x576.jpg 768w, https:\/\/www.laeraverdadera.com\/wp-content\/uploads\/2019\/01\/instroducir-todos-los-ingredientes-en-un-procesador-de-alimentos-1024x768.jpg 1024w, https:\/\/www.laeraverdadera.com\/wp-content\/uploads\/2019\/01\/instroducir-todos-los-ingredientes-en-un-procesador-de-alimentos-563x422.jpg 563w, https:\/\/www.laeraverdadera.com\/wp-content\/uploads\/2019\/01\/instroducir-todos-los-ingredientes-en-un-procesador-de-alimentos-285x214.jpg 285w\" sizes=\"auto, (max-width: 300px) 100vw, 300px\" \/><figcaption id=\"caption-attachment-3413\" class=\"wp-caption-text\">meter todos los ingredientes en un procesador de alimentos<\/figcaption><\/figure><\/li>\n<li>Ponemos todo en un cazo y llevamos a ebullici\u00f3n sin dejar de remover, lo tendremos cociendo entre 2-5 minutos seg\u00fan las indicaciones de nuestro sobre de agar-agar, ya que para que el alga gelifique necesitamos calentarla.\n<p><figure id=\"attachment_3425\" aria-describedby=\"caption-attachment-3425\" style=\"width: 300px\" class=\"wp-caption alignnone\"><img loading=\"lazy\" decoding=\"async\" class=\"size-medium wp-image-3425\" src=\"https:\/\/laeraverdadera.com\/wp-content\/uploads\/2019\/01\/verter-en-una-cacerola-300x225.jpg\" alt=\"pastel de zanahorias saludable\" width=\"300\" height=\"225\" srcset=\"https:\/\/www.laeraverdadera.com\/wp-content\/uploads\/2019\/01\/verter-en-una-cacerola-300x225.jpg 300w, https:\/\/www.laeraverdadera.com\/wp-content\/uploads\/2019\/01\/verter-en-una-cacerola-768x576.jpg 768w, https:\/\/www.laeraverdadera.com\/wp-content\/uploads\/2019\/01\/verter-en-una-cacerola-1024x768.jpg 1024w, https:\/\/www.laeraverdadera.com\/wp-content\/uploads\/2019\/01\/verter-en-una-cacerola-563x422.jpg 563w, https:\/\/www.laeraverdadera.com\/wp-content\/uploads\/2019\/01\/verter-en-una-cacerola-285x214.jpg 285w\" sizes=\"auto, (max-width: 300px) 100vw, 300px\" \/><figcaption id=\"caption-attachment-3425\" class=\"wp-caption-text\">hervir unos minutos<\/figcaption><\/figure><\/li>\n<\/ol>\n<p>&nbsp;<\/p>\n<p>Este frosting es incre\u00edble y mil veces menos graso que el cl\u00e1sico frosting de queso, es de verdad una delicia. \u00a0Yo he comenzado a cubrir la tarta con el bizcocho fr\u00edo, pero el frosting a\u00fan caliente, ya que al enfriar no se podr\u00e1 manejar.<\/p>\n<figure id=\"attachment_3418\" aria-describedby=\"caption-attachment-3418\" style=\"width: 300px\" class=\"wp-caption alignnone\"><img loading=\"lazy\" decoding=\"async\" class=\"size-medium wp-image-3418\" src=\"https:\/\/laeraverdadera.com\/wp-content\/uploads\/2019\/01\/rellenar-bizcocho-300x225.jpg\" alt=\"pastel de zanahorias saludable\" width=\"300\" height=\"225\" srcset=\"https:\/\/www.laeraverdadera.com\/wp-content\/uploads\/2019\/01\/rellenar-bizcocho-300x225.jpg 300w, https:\/\/www.laeraverdadera.com\/wp-content\/uploads\/2019\/01\/rellenar-bizcocho-768x576.jpg 768w, https:\/\/www.laeraverdadera.com\/wp-content\/uploads\/2019\/01\/rellenar-bizcocho-1024x768.jpg 1024w, https:\/\/www.laeraverdadera.com\/wp-content\/uploads\/2019\/01\/rellenar-bizcocho-563x422.jpg 563w, https:\/\/www.laeraverdadera.com\/wp-content\/uploads\/2019\/01\/rellenar-bizcocho-285x214.jpg 285w\" sizes=\"auto, (max-width: 300px) 100vw, 300px\" \/><figcaption id=\"caption-attachment-3418\" class=\"wp-caption-text\">cubrir la tarta con el frosting a\u00fan caliente<\/figcaption><\/figure>\n<p>He cubierto una primera mitad, la he tapado con el otro bizcocho, he cubierto el resto de la tarta y he metido el resto del frosting a\u00fan tibio en una manga pastelera para los toques decorativos finales, pero todo esto es opcional.<\/p>\n<figure id=\"attachment_3420\" aria-describedby=\"caption-attachment-3420\" style=\"width: 300px\" class=\"wp-caption alignnone\"><img loading=\"lazy\" decoding=\"async\" class=\"size-medium wp-image-3420\" src=\"https:\/\/laeraverdadera.com\/wp-content\/uploads\/2019\/01\/tarta-con-corte-300x225.jpg\" alt=\"pastel de zanahorias saludable\" width=\"300\" height=\"225\" srcset=\"https:\/\/www.laeraverdadera.com\/wp-content\/uploads\/2019\/01\/tarta-con-corte-300x225.jpg 300w, https:\/\/www.laeraverdadera.com\/wp-content\/uploads\/2019\/01\/tarta-con-corte-768x576.jpg 768w, https:\/\/www.laeraverdadera.com\/wp-content\/uploads\/2019\/01\/tarta-con-corte-1024x768.jpg 1024w, https:\/\/www.laeraverdadera.com\/wp-content\/uploads\/2019\/01\/tarta-con-corte-563x422.jpg 563w, https:\/\/www.laeraverdadera.com\/wp-content\/uploads\/2019\/01\/tarta-con-corte-285x214.jpg 285w\" sizes=\"auto, (max-width: 300px) 100vw, 300px\" \/><figcaption id=\"caption-attachment-3420\" class=\"wp-caption-text\">pastel de zanahorias saludable<\/figcaption><\/figure>\n<p>Espero que os guste, esta de verdad muy buena y como ver\u00e9is no lleva m\u00e1s que ingredientes saludables, Adem\u00e1s es una de esas recetas que est\u00e1 m\u00e1s buena de un d\u00eda para otro, por lo que se puede preparar con anticipaci\u00f3n y guardar en la nevera.<\/p>\n<figure id=\"attachment_3406\" aria-describedby=\"caption-attachment-3406\" style=\"width: 300px\" class=\"wp-caption alignnone\"><img loading=\"lazy\" decoding=\"async\" class=\"size-medium wp-image-3406\" src=\"https:\/\/laeraverdadera.com\/wp-content\/uploads\/2019\/01\/corte-y-tarat-2-300x225.jpg\" alt=\"pastel de zanahorias saludable\" width=\"300\" height=\"225\" srcset=\"https:\/\/www.laeraverdadera.com\/wp-content\/uploads\/2019\/01\/corte-y-tarat-2-300x225.jpg 300w, https:\/\/www.laeraverdadera.com\/wp-content\/uploads\/2019\/01\/corte-y-tarat-2-768x576.jpg 768w, https:\/\/www.laeraverdadera.com\/wp-content\/uploads\/2019\/01\/corte-y-tarat-2-1024x768.jpg 1024w, https:\/\/www.laeraverdadera.com\/wp-content\/uploads\/2019\/01\/corte-y-tarat-2-563x422.jpg 563w, https:\/\/www.laeraverdadera.com\/wp-content\/uploads\/2019\/01\/corte-y-tarat-2-285x214.jpg 285w\" sizes=\"auto, (max-width: 300px) 100vw, 300px\" \/><figcaption id=\"caption-attachment-3406\" class=\"wp-caption-text\">pastel de zanahorias saludable<\/figcaption><\/figure>\n<p>&nbsp;<\/p>\n<p>Feliz D\u00cdA DE LAS TARTAS. ?<\/p>\n<p>&nbsp;<\/p>\n","protected":false},"excerpt":{"rendered":"<p>Pastel de Zanahorias Saludable Hoy 23 de enero es el d\u00eda mundial de la Tarta, s\u00ed s\u00ed, has le\u00eddo bien el D\u00cdA DE LA TARTA. Es un poco parad\u00f3jico que el d\u00eda mundial de la Tarta este en pleno mes de enero, consabido mes de las dietas. Yo creo que [&hellip;]<\/p>\n","protected":false},"author":1,"featured_media":3421,"comment_status":"open","ping_status":"open","sticky":false,"template":"","format":"standard","meta":{"footnotes":""},"categories":[70,110],"tags":[121,120,115,73,116,119,117,118,45],"class_list":["post-3403","post","type-post","status-publish","format-standard","has-post-thumbnail","hentry","category-recetas","category-saludable","tag-frutos-secos","tag-legumbres","tag-pastel-de-zanahoria-saludable","tag-recetas-faciles","tag-saludable","tag-sano","tag-sin-azucar","tag-sin-gluten","tag-verduras"],"_links":{"self":[{"href":"https:\/\/www.laeraverdadera.com\/index.php?rest_route=\/wp\/v2\/posts\/3403","targetHints":{"allow":["GET"]}}],"collection":[{"href":"https:\/\/www.laeraverdadera.com\/index.php?rest_route=\/wp\/v2\/posts"}],"about":[{"href":"https:\/\/www.laeraverdadera.com\/index.php?rest_route=\/wp\/v2\/types\/post"}],"author":[{"embeddable":true,"href":"https:\/\/www.laeraverdadera.com\/index.php?rest_route=\/wp\/v2\/users\/1"}],"replies":[{"embeddable":true,"href":"https:\/\/www.laeraverdadera.com\/index.php?rest_route=%2Fwp%2Fv2%2Fcomments&post=3403"}],"version-history":[{"count":2,"href":"https:\/\/www.laeraverdadera.com\/index.php?rest_route=\/wp\/v2\/posts\/3403\/revisions"}],"predecessor-version":[{"id":3427,"href":"https:\/\/www.laeraverdadera.com\/index.php?rest_route=\/wp\/v2\/posts\/3403\/revisions\/3427"}],"wp:featuredmedia":[{"embeddable":true,"href":"https:\/\/www.laeraverdadera.com\/index.php?rest_route=\/wp\/v2\/media\/3421"}],"wp:attachment":[{"href":"https:\/\/www.laeraverdadera.com\/index.php?rest_route=%2Fwp%2Fv2%2Fmedia&parent=3403"}],"wp:term":[{"taxonomy":"category","embeddable":true,"href":"https:\/\/www.laeraverdadera.com\/index.php?rest_route=%2Fwp%2Fv2%2Fcategories&post=3403"},{"taxonomy":"post_tag","embeddable":true,"href":"https:\/\/www.laeraverdadera.com\/index.php?rest_route=%2Fwp%2Fv2%2Ftags&post=3403"}],"curies":[{"name":"wp","href":"https:\/\/api.w.org\/{rel}","templated":true}]}}