{"id":3377,"date":"2019-01-16T12:15:18","date_gmt":"2019-01-16T12:15:18","guid":{"rendered":"https:\/\/laeraverdadera.com\/?p=3377"},"modified":"2019-01-23T09:53:00","modified_gmt":"2019-01-23T09:53:00","slug":"golden-soup","status":"publish","type":"post","link":"https:\/\/www.laeraverdadera.com\/?p=3377","title":{"rendered":"GOLDEN SOUP"},"content":{"rendered":"<p>Hoy os traigo una de esas recetas que enamoran y que son perfectas para estos d\u00edas de fr\u00edo, una Golden Soup. Adem\u00e1s de sus ventajas culinarias y saludables, de las que luego os hablar\u00e9, esta receta est\u00e1 de moda, con lo que comemos saludable de forma glamourosa.<\/p>\n<p><!--more--><\/p>\n<p>No es broma, Instagram y Pinterest se est\u00e1n llenando de Golden Soups, y \u00bfpor qu\u00e9? Pues porque son f\u00e1ciles de hacer, saludables, completas, deliciosas y preciosas. Lo tienen todo para el Oscar culinario ?<\/p>\n<p>Las hay con varios ingredientes de base, de coliflor, de batata, con khale, zanahorias, champi\u00f1ones\u2026. Pero el ingrediente estrella que no puede faltar en ninguna de ellas y que es lo que las hace transformarse en Golden Soup, es <strong>la c\u00farcuma<\/strong>. Una especia fabulosa que no puede faltar en vuestra cocina. La curcumina, compuesto clave de la c\u00farcuma, nos ayuda a disminuir la inflamaci\u00f3n, desintoxican el cuerpo y combaten los radicales libres. Y para ello solo hace falta agregar una cucharada a nuestras comidas y nos llenaremos de color y buenas propiedades.<\/p>\n<p>En esta ocasi\u00f3n he optado por una Golden Soup con base de coliflor y anacardos.<\/p>\n<figure id=\"attachment_3382\" aria-describedby=\"caption-attachment-3382\" style=\"width: 300px\" class=\"wp-caption alignnone\"><img loading=\"lazy\" decoding=\"async\" class=\"size-medium wp-image-3382\" src=\"https:\/\/laeraverdadera.com\/wp-content\/uploads\/2019\/01\/final3-300x225.jpg\" alt=\"Golden Soup\" width=\"300\" height=\"225\" srcset=\"https:\/\/www.laeraverdadera.com\/wp-content\/uploads\/2019\/01\/final3-300x225.jpg 300w, https:\/\/www.laeraverdadera.com\/wp-content\/uploads\/2019\/01\/final3-768x576.jpg 768w, https:\/\/www.laeraverdadera.com\/wp-content\/uploads\/2019\/01\/final3-1024x768.jpg 1024w, https:\/\/www.laeraverdadera.com\/wp-content\/uploads\/2019\/01\/final3-563x422.jpg 563w, https:\/\/www.laeraverdadera.com\/wp-content\/uploads\/2019\/01\/final3-285x214.jpg 285w\" sizes=\"auto, (max-width: 300px) 100vw, 300px\" \/><figcaption id=\"caption-attachment-3382\" class=\"wp-caption-text\">Golden Soup<\/figcaption><\/figure>\n<p><strong>La coliflor<\/strong> es un alimento muy saludable con gran cantidad de\u00a0nutrientes beneficiosos que pueden ayudar a reducir el riesgo de padecer varias enfermedades y que contiene muy pocas calor\u00edas por lo que tambi\u00e9n es un buen aliado para mantener el peso o incluirlo en dietas de adelgazamiento. \u00a0Adem\u00e1s, la\u00a0<strong>coliflor<\/strong>\u00a0tambi\u00e9n es una buena fuente de vitamina K, prote\u00edna tiamina, riboflavina, niacina, magnesio y f\u00f3sforo, y es una muy buena fuente de fibra, vitamina B6, \u00e1cido f\u00f3lico, \u00e1cido pantot\u00e9nico, 303 miligramos de potasio, y manganeso. Y encima es preciosa tan blanquita.<\/p>\n<p>Sin embargo, s\u00e9 que a pesar de sus muchos beneficios no suele ser muy querida entre el p\u00fablico joven, por eso esta receta es tan ideal, porque NO SABE NI HUELE A COLIFLOR, pero no por ello dejamos de adquirir todos sus beneficios. Para suavizar su sabor y textura le agregamos los anacardos.<\/p>\n<p><strong>Los anacardos <\/strong>son un fruto seco rico en Grasas saludables, prote\u00ednas vegetales (cada 100gr nos aporta 15gr de prote\u00ednas), minerales como hierro, magnesio, zinc, potasio, selenio y f\u00f3sforo. Vitamina E y vitamina del grupo B, \u00e1cido f\u00f3lico y fitoesteroles. Hidratos de carbono (30%) y Omega 6.<\/p>\n<p>Como veis esta sopa es pura dinamita saludable, completa y deliciosa.<\/p>\n<p>Ya me contareis cuando la prob\u00e9is. Yo desde luego la he puesto ya en el men\u00fa invernal.<\/p>\n<figure id=\"attachment_3383\" aria-describedby=\"caption-attachment-3383\" style=\"width: 300px\" class=\"wp-caption alignnone\"><img loading=\"lazy\" decoding=\"async\" class=\"size-medium wp-image-3383\" src=\"https:\/\/laeraverdadera.com\/wp-content\/uploads\/2019\/01\/ingredientes-300x225.jpg\" alt=\"Golden Soup\" width=\"300\" height=\"225\" srcset=\"https:\/\/www.laeraverdadera.com\/wp-content\/uploads\/2019\/01\/ingredientes-300x225.jpg 300w, https:\/\/www.laeraverdadera.com\/wp-content\/uploads\/2019\/01\/ingredientes-768x576.jpg 768w, https:\/\/www.laeraverdadera.com\/wp-content\/uploads\/2019\/01\/ingredientes-1024x768.jpg 1024w, https:\/\/www.laeraverdadera.com\/wp-content\/uploads\/2019\/01\/ingredientes-563x422.jpg 563w, https:\/\/www.laeraverdadera.com\/wp-content\/uploads\/2019\/01\/ingredientes-285x214.jpg 285w\" sizes=\"auto, (max-width: 300px) 100vw, 300px\" \/><figcaption id=\"caption-attachment-3383\" class=\"wp-caption-text\">Ingredientes<\/figcaption><\/figure>\n<h2>INGREDIENTES para preparar 6 porciones:<\/h2>\n<ul>\n<li>2 cucharadas de aceite de oliva<\/li>\n<li>Media cebolla picada en cubitos<\/li>\n<li>Una coliflor entera cortada<\/li>\n<li>1 taza de anacardos crudos sin sal<\/li>\n<li>C\u00farcuma (1 cucharada sopera)<\/li>\n<li>\u00a0\u00bd cucharada de comino molido<\/li>\n<li>1 litro de caldo de verduras<\/li>\n<li>2 cucharaditas de sal<\/li>\n<li>\u00a0un chorrito de jugo de lim\u00f3n<\/li>\n<li>OPCIONAL PARA ACOMPA\u00d1AR: 300 gr de garbanzos, aceite de oliva, sal, cayena y piment\u00f3n.<\/li>\n<\/ul>\n<h2>PREPARACI\u00d3N PASO A PASO:<\/h2>\n<ol>\n<li>Picamos la cebolla y la coliflor.\n<figure id=\"attachment_3385\" aria-describedby=\"caption-attachment-3385\" style=\"width: 300px\" class=\"wp-caption alignnone\"><img loading=\"lazy\" decoding=\"async\" class=\"size-medium wp-image-3385\" src=\"https:\/\/laeraverdadera.com\/wp-content\/uploads\/2019\/01\/picarcebolla-300x225.jpg\" alt=\"Golden Soup\" width=\"300\" height=\"225\" srcset=\"https:\/\/www.laeraverdadera.com\/wp-content\/uploads\/2019\/01\/picarcebolla-300x225.jpg 300w, https:\/\/www.laeraverdadera.com\/wp-content\/uploads\/2019\/01\/picarcebolla-768x576.jpg 768w, https:\/\/www.laeraverdadera.com\/wp-content\/uploads\/2019\/01\/picarcebolla-1024x768.jpg 1024w, https:\/\/www.laeraverdadera.com\/wp-content\/uploads\/2019\/01\/picarcebolla-563x422.jpg 563w, https:\/\/www.laeraverdadera.com\/wp-content\/uploads\/2019\/01\/picarcebolla-285x214.jpg 285w\" sizes=\"auto, (max-width: 300px) 100vw, 300px\" \/><figcaption id=\"caption-attachment-3385\" class=\"wp-caption-text\">picar cebolla<\/figcaption><\/figure>\n<p><figure id=\"attachment_3386\" aria-describedby=\"caption-attachment-3386\" style=\"width: 300px\" class=\"wp-caption alignnone\"><img loading=\"lazy\" decoding=\"async\" class=\"size-medium wp-image-3386\" src=\"https:\/\/laeraverdadera.com\/wp-content\/uploads\/2019\/01\/picarcoliflor-300x225.jpg\" alt=\"Golden Soup\" width=\"300\" height=\"225\" srcset=\"https:\/\/www.laeraverdadera.com\/wp-content\/uploads\/2019\/01\/picarcoliflor-300x225.jpg 300w, https:\/\/www.laeraverdadera.com\/wp-content\/uploads\/2019\/01\/picarcoliflor-768x576.jpg 768w, https:\/\/www.laeraverdadera.com\/wp-content\/uploads\/2019\/01\/picarcoliflor-1024x768.jpg 1024w, https:\/\/www.laeraverdadera.com\/wp-content\/uploads\/2019\/01\/picarcoliflor-563x422.jpg 563w, https:\/\/www.laeraverdadera.com\/wp-content\/uploads\/2019\/01\/picarcoliflor-285x214.jpg 285w\" sizes=\"auto, (max-width: 300px) 100vw, 300px\" \/><figcaption id=\"caption-attachment-3386\" class=\"wp-caption-text\">picar coliflor<\/figcaption><\/figure><\/li>\n<li>En una olla grande, calentamos 2 cucharadas de aceite de oliva y rehogamos la cebolla, la coliflor, los anacardos y las especias. Saltear unos 10 minutos aprox.\n<p><figure id=\"attachment_3387\" aria-describedby=\"caption-attachment-3387\" style=\"width: 300px\" class=\"wp-caption alignnone\"><img loading=\"lazy\" decoding=\"async\" class=\"size-medium wp-image-3387\" src=\"https:\/\/laeraverdadera.com\/wp-content\/uploads\/2019\/01\/todoencazuela-300x225.jpg\" alt=\"Golden Soup\" width=\"300\" height=\"225\" srcset=\"https:\/\/www.laeraverdadera.com\/wp-content\/uploads\/2019\/01\/todoencazuela-300x225.jpg 300w, https:\/\/www.laeraverdadera.com\/wp-content\/uploads\/2019\/01\/todoencazuela-768x576.jpg 768w, https:\/\/www.laeraverdadera.com\/wp-content\/uploads\/2019\/01\/todoencazuela-1024x768.jpg 1024w, https:\/\/www.laeraverdadera.com\/wp-content\/uploads\/2019\/01\/todoencazuela-563x422.jpg 563w, https:\/\/www.laeraverdadera.com\/wp-content\/uploads\/2019\/01\/todoencazuela-285x214.jpg 285w\" sizes=\"auto, (max-width: 300px) 100vw, 300px\" \/><figcaption id=\"caption-attachment-3387\" class=\"wp-caption-text\">rehogar cebolla, coliflor, anacardos y especias<\/figcaption><\/figure><\/li>\n<li>Agregamos el caldo de verduras y corregimos el punto de sal, dejamos cocer entre 10-15 minutos hasta que os ingredientes est\u00e9n blandos.\u00a0 Yo me olvid\u00e9 de echar el c\u00farcuma al principio y lo puse en este momento por eso no se ve amarillo hasta ahora \ud83d\ude42\n<figure id=\"attachment_3389\" aria-describedby=\"caption-attachment-3389\" style=\"width: 300px\" class=\"wp-caption alignnone\"><img loading=\"lazy\" decoding=\"async\" class=\"size-medium wp-image-3389\" src=\"https:\/\/laeraverdadera.com\/wp-content\/uploads\/2019\/01\/tras20min-300x225.jpg\" alt=\"Golden Soup\" width=\"300\" height=\"225\" srcset=\"https:\/\/www.laeraverdadera.com\/wp-content\/uploads\/2019\/01\/tras20min-300x225.jpg 300w, https:\/\/www.laeraverdadera.com\/wp-content\/uploads\/2019\/01\/tras20min-768x576.jpg 768w, https:\/\/www.laeraverdadera.com\/wp-content\/uploads\/2019\/01\/tras20min-1024x768.jpg 1024w, https:\/\/www.laeraverdadera.com\/wp-content\/uploads\/2019\/01\/tras20min-563x422.jpg 563w, https:\/\/www.laeraverdadera.com\/wp-content\/uploads\/2019\/01\/tras20min-285x214.jpg 285w\" sizes=\"auto, (max-width: 300px) 100vw, 300px\" \/><figcaption id=\"caption-attachment-3389\" class=\"wp-caption-text\">cuando empiecen a estar blanditos tras 10 minutos<\/figcaption><\/figure>\n<p><figure id=\"attachment_3379\" aria-describedby=\"caption-attachment-3379\" style=\"width: 300px\" class=\"wp-caption alignnone\"><img loading=\"lazy\" decoding=\"async\" class=\"size-medium wp-image-3379\" src=\"https:\/\/laeraverdadera.com\/wp-content\/uploads\/2019\/01\/agregarcurcuma-300x225.jpg\" alt=\"Golden Soup\" width=\"300\" height=\"225\" srcset=\"https:\/\/www.laeraverdadera.com\/wp-content\/uploads\/2019\/01\/agregarcurcuma-300x225.jpg 300w, https:\/\/www.laeraverdadera.com\/wp-content\/uploads\/2019\/01\/agregarcurcuma-768x576.jpg 768w, https:\/\/www.laeraverdadera.com\/wp-content\/uploads\/2019\/01\/agregarcurcuma-1024x768.jpg 1024w, https:\/\/www.laeraverdadera.com\/wp-content\/uploads\/2019\/01\/agregarcurcuma-563x422.jpg 563w, https:\/\/www.laeraverdadera.com\/wp-content\/uploads\/2019\/01\/agregarcurcuma-285x214.jpg 285w\" sizes=\"auto, (max-width: 300px) 100vw, 300px\" \/><figcaption id=\"caption-attachment-3379\" class=\"wp-caption-text\">agregar el caldo de verduras<\/figcaption><\/figure><\/li>\n<li>Mientras se cuece todo podemos preparar nuestros garbanzos de acompa\u00f1amiento tipo picatoste o como aperitivo, est\u00e1n de vicio. Se puede hacer con garbanzos cocidos o crudos. Si optamos por hacerlo con garbanzos crudos los tendremos que haber dejado en remojo la noche anterior. Basta con mezclar nuestros garbanzos con un poco de aceite y las especias que mas nos gusten, yo en este caso he optado por hacerlos un poco picantes con el toque de cayena. Luego se extienden en una bandeja de horno y los hornearemos a 200\u00baC unos 20 minutos en el caso de hacerlo con garbanzos ya cocidos y nos 40 si son curdos. Con los crudos queda mas crujiente. El excedente se puede guardar en un tarro y usar como picoteo.\n<p><figure id=\"attachment_3388\" aria-describedby=\"caption-attachment-3388\" style=\"width: 300px\" class=\"wp-caption alignnone\"><img loading=\"lazy\" decoding=\"async\" class=\"size-medium wp-image-3388\" src=\"https:\/\/laeraverdadera.com\/wp-content\/uploads\/2019\/01\/tostargarbanzos-300x225.jpg\" alt=\"Golden Soup\" width=\"300\" height=\"225\" srcset=\"https:\/\/www.laeraverdadera.com\/wp-content\/uploads\/2019\/01\/tostargarbanzos-300x225.jpg 300w, https:\/\/www.laeraverdadera.com\/wp-content\/uploads\/2019\/01\/tostargarbanzos-768x576.jpg 768w, https:\/\/www.laeraverdadera.com\/wp-content\/uploads\/2019\/01\/tostargarbanzos-1024x768.jpg 1024w, https:\/\/www.laeraverdadera.com\/wp-content\/uploads\/2019\/01\/tostargarbanzos-563x422.jpg 563w, https:\/\/www.laeraverdadera.com\/wp-content\/uploads\/2019\/01\/tostargarbanzos-285x214.jpg 285w\" sizes=\"auto, (max-width: 300px) 100vw, 300px\" \/><figcaption id=\"caption-attachment-3388\" class=\"wp-caption-text\">garbanzos asados<\/figcaption><\/figure><\/li>\n<li>Una vez nuestros ingredientes blandos toca licuarlos, bien con una minipimer, t\u00farmix, Thermomix\u2026.\n<p><figure id=\"attachment_3384\" aria-describedby=\"caption-attachment-3384\" style=\"width: 300px\" class=\"wp-caption alignnone\"><img loading=\"lazy\" decoding=\"async\" class=\"size-medium wp-image-3384\" src=\"https:\/\/laeraverdadera.com\/wp-content\/uploads\/2019\/01\/licuar-300x225.jpg\" alt=\"Golden Soup\" width=\"300\" height=\"225\" srcset=\"https:\/\/www.laeraverdadera.com\/wp-content\/uploads\/2019\/01\/licuar-300x225.jpg 300w, https:\/\/www.laeraverdadera.com\/wp-content\/uploads\/2019\/01\/licuar-768x576.jpg 768w, https:\/\/www.laeraverdadera.com\/wp-content\/uploads\/2019\/01\/licuar-1024x768.jpg 1024w, https:\/\/www.laeraverdadera.com\/wp-content\/uploads\/2019\/01\/licuar-563x422.jpg 563w, https:\/\/www.laeraverdadera.com\/wp-content\/uploads\/2019\/01\/licuar-285x214.jpg 285w\" sizes=\"auto, (max-width: 300px) 100vw, 300px\" \/><figcaption id=\"caption-attachment-3384\" class=\"wp-caption-text\">triturar<\/figcaption><\/figure><\/li>\n<li>Listo, se pueden agregar un poquito de zumo de lim\u00f3n al final, los garbanzos asados, un poco de perejil, cilantro o cebollito picado.\n<p><figure id=\"attachment_3380\" aria-describedby=\"caption-attachment-3380\" style=\"width: 300px\" class=\"wp-caption alignnone\"><img loading=\"lazy\" decoding=\"async\" class=\"size-medium wp-image-3380\" src=\"https:\/\/laeraverdadera.com\/wp-content\/uploads\/2019\/01\/final-300x225.jpg\" alt=\"Golden Soup\" width=\"300\" height=\"225\" srcset=\"https:\/\/www.laeraverdadera.com\/wp-content\/uploads\/2019\/01\/final-300x225.jpg 300w, https:\/\/www.laeraverdadera.com\/wp-content\/uploads\/2019\/01\/final-768x576.jpg 768w, https:\/\/www.laeraverdadera.com\/wp-content\/uploads\/2019\/01\/final-1024x768.jpg 1024w, https:\/\/www.laeraverdadera.com\/wp-content\/uploads\/2019\/01\/final-563x422.jpg 563w, https:\/\/www.laeraverdadera.com\/wp-content\/uploads\/2019\/01\/final-285x214.jpg 285w\" sizes=\"auto, (max-width: 300px) 100vw, 300px\" \/><figcaption id=\"caption-attachment-3380\" class=\"wp-caption-text\">Golden Soup<\/figcaption><\/figure><\/li>\n<\/ol>\n","protected":false},"excerpt":{"rendered":"<p>Hoy os traigo una de esas recetas que enamoran y que son perfectas para estos d\u00edas de fr\u00edo, una Golden Soup. Adem\u00e1s de sus ventajas culinarias y saludables, de las que luego os hablar\u00e9, esta receta est\u00e1 de moda, con lo que comemos saludable de forma glamourosa.<\/p>\n","protected":false},"author":1,"featured_media":3381,"comment_status":"open","ping_status":"open","sticky":false,"template":"","format":"standard","meta":{"footnotes":""},"categories":[70,110],"tags":[114,111,107,73,112,113,45,67],"class_list":["post-3377","post","type-post","status-publish","format-standard","has-post-thumbnail","hentry","category-recetas","category-saludable","tag-cocinar-con-coliflor","tag-golden-soup","tag-receta-saludable","tag-recetas-faciles","tag-vegana","tag-vegetariana","tag-verduras","tag-vida-sana"],"_links":{"self":[{"href":"https:\/\/www.laeraverdadera.com\/index.php?rest_route=\/wp\/v2\/posts\/3377","targetHints":{"allow":["GET"]}}],"collection":[{"href":"https:\/\/www.laeraverdadera.com\/index.php?rest_route=\/wp\/v2\/posts"}],"about":[{"href":"https:\/\/www.laeraverdadera.com\/index.php?rest_route=\/wp\/v2\/types\/post"}],"author":[{"embeddable":true,"href":"https:\/\/www.laeraverdadera.com\/index.php?rest_route=\/wp\/v2\/users\/1"}],"replies":[{"embeddable":true,"href":"https:\/\/www.laeraverdadera.com\/index.php?rest_route=%2Fwp%2Fv2%2Fcomments&post=3377"}],"version-history":[{"count":10,"href":"https:\/\/www.laeraverdadera.com\/index.php?rest_route=\/wp\/v2\/posts\/3377\/revisions"}],"predecessor-version":[{"id":3401,"href":"https:\/\/www.laeraverdadera.com\/index.php?rest_route=\/wp\/v2\/posts\/3377\/revisions\/3401"}],"wp:featuredmedia":[{"embeddable":true,"href":"https:\/\/www.laeraverdadera.com\/index.php?rest_route=\/wp\/v2\/media\/3381"}],"wp:attachment":[{"href":"https:\/\/www.laeraverdadera.com\/index.php?rest_route=%2Fwp%2Fv2%2Fmedia&parent=3377"}],"wp:term":[{"taxonomy":"category","embeddable":true,"href":"https:\/\/www.laeraverdadera.com\/index.php?rest_route=%2Fwp%2Fv2%2Fcategories&post=3377"},{"taxonomy":"post_tag","embeddable":true,"href":"https:\/\/www.laeraverdadera.com\/index.php?rest_route=%2Fwp%2Fv2%2Ftags&post=3377"}],"curies":[{"name":"wp","href":"https:\/\/api.w.org\/{rel}","templated":true}]}}