{"id":3258,"date":"2018-10-31T13:04:21","date_gmt":"2018-10-31T13:04:21","guid":{"rendered":"https:\/\/laeraverdadera.com\/?p=3258"},"modified":"2019-11-07T11:58:25","modified_gmt":"2019-11-07T11:58:25","slug":"la-huerta-en-noviembre","status":"publish","type":"post","link":"https:\/\/www.laeraverdadera.com\/?p=3258","title":{"rendered":"La huerta en el mes de Noviembre"},"content":{"rendered":"<p>La Huerta en el mes de noviembre<\/p>\n<figure id=\"attachment_3259\" aria-describedby=\"caption-attachment-3259\" style=\"width: 300px\" class=\"wp-caption alignnone\"><img loading=\"lazy\" decoding=\"async\" class=\"size-medium wp-image-3259\" src=\"https:\/\/laeraverdadera.com\/wp-content\/uploads\/2018\/10\/autumn-2892610_1920-300x200.jpg\" alt=\"La huerta en noviembre\" width=\"300\" height=\"200\" srcset=\"https:\/\/www.laeraverdadera.com\/wp-content\/uploads\/2018\/10\/autumn-2892610_1920-300x200.jpg 300w, https:\/\/www.laeraverdadera.com\/wp-content\/uploads\/2018\/10\/autumn-2892610_1920-768x512.jpg 768w, https:\/\/www.laeraverdadera.com\/wp-content\/uploads\/2018\/10\/autumn-2892610_1920-1024x682.jpg 1024w, https:\/\/www.laeraverdadera.com\/wp-content\/uploads\/2018\/10\/autumn-2892610_1920-633x422.jpg 633w, https:\/\/www.laeraverdadera.com\/wp-content\/uploads\/2018\/10\/autumn-2892610_1920-285x190.jpg 285w, https:\/\/www.laeraverdadera.com\/wp-content\/uploads\/2018\/10\/autumn-2892610_1920.jpg 1920w\" sizes=\"auto, (max-width: 300px) 100vw, 300px\" \/><figcaption id=\"caption-attachment-3259\" class=\"wp-caption-text\">La huerta en el mes de noviembre<\/figcaption><\/figure>\n<p>Los d\u00edas se hacen m\u00e1s cortos, empiezan las lluvias y el fr\u00edo. Si bien este a\u00f1o hemos tenido un oto\u00f1o bast\u00e1nte c\u00e1lido, parece que a partir de ahora va a comenzar el fr\u00edo.\u00a0 As\u00ed que es un buen momento de comenzar con la huerta de oto\u00f1o-invierno si a\u00fan no lo hemos hecho.<\/p>\n<p>A\u00fan quedan en las huertas restos de las plantas del verano que resisten, pero que poco a poco se van marchitando. De hecho a\u00fan estamos recogiendo tomates rojos, pero en breve habr\u00e1 que cosecharlos todos, est\u00e9n del color que est\u00e9n. Para los amantes de los tomates verdes fritos, es le momento ideal para deleitarse con ellos. Os dejo enlace a la receta, son un puro vicio. <a href=\"https:\/\/laeraverdadera.com\/tomates-verdes-fritos\/\">Receta tomates verdes fritos.\u00a0<\/a><\/p>\n<p>Adem\u00e1s de recolectar lo que quede, es hora de ir rotando los cultivos. La rotaci\u00f3n de cultivos consiste en alternar plantas de diferentes familias y con necesidades nutritivas diferentes en un mismo lugar durante distintos ciclos, evitando que el suelo se agote y que las enfermedades que afectan a un tipo de plantas se perpet\u00faen en un tiempo determinado.<!--more--><\/p>\n<p>Para muestra un bot\u00f3n, esta imagen de cultivando ciudad me ha parecido muy sencilla de entender:<\/p>\n<figure id=\"attachment_3262\" aria-describedby=\"caption-attachment-3262\" style=\"width: 259px\" class=\"wp-caption alignnone\"><img loading=\"lazy\" decoding=\"async\" class=\"size-medium wp-image-3262\" src=\"https:\/\/laeraverdadera.com\/wp-content\/uploads\/2018\/10\/rotaci\u00f3n-de-cultivos-259x300.jpg\" alt=\"La huerta en noviembre\" width=\"259\" height=\"300\" srcset=\"https:\/\/www.laeraverdadera.com\/wp-content\/uploads\/2018\/10\/rotaci\u00f3n-de-cultivos-259x300.jpg 259w, https:\/\/www.laeraverdadera.com\/wp-content\/uploads\/2018\/10\/rotaci\u00f3n-de-cultivos-768x890.jpg 768w, https:\/\/www.laeraverdadera.com\/wp-content\/uploads\/2018\/10\/rotaci\u00f3n-de-cultivos-364x422.jpg 364w, https:\/\/www.laeraverdadera.com\/wp-content\/uploads\/2018\/10\/rotaci\u00f3n-de-cultivos-216x250.jpg 216w, https:\/\/www.laeraverdadera.com\/wp-content\/uploads\/2018\/10\/rotaci\u00f3n-de-cultivos.jpg 828w\" sizes=\"auto, (max-width: 259px) 100vw, 259px\" \/><figcaption id=\"caption-attachment-3262\" class=\"wp-caption-text\">rotaci\u00f3n de cultivos<\/figcaption><\/figure>\n<p>Una vez dise\u00f1ada la nueva huerta de oto\u00f1o invierno, toca ponerse manos a la obra, es hora de limpiar el suelo de las plantaciones de primavera y remover la tierra. Los residuos de las hortalizas y hojas se pueden utilizar para hacer el compost en superficie o en montones.<\/p>\n<p>No nos olvidemos de recolectar semillas, es el momento de extraer semillas de los cultivos de verano que mejor nos han funcionado y etiquetarlas y guardarlas para el a\u00f1o que viene.<\/p>\n<p>Y ya estar\u00edamos listo para plantar, \u00bfpero que podemos plantar en noviembre?<\/p>\n<ul>\n<li>Guisantes, r\u00e1banos, habas, zanahorias, perejil, ajo, cebollas, lechugas, can\u00f3nigos, nabos, remolachas, apio, cal\u00e7ots, puerro, espinacas borraja, acelga<\/li>\n<li>Y tambi\u00e9n hay hueco para las flores, como los pensamientos, las capuchinas y las cal\u00e9ndulas, adem\u00e1s todas ellas son comestibles y sobre todo la cal\u00e9ndula y y las capuchinas beneficiosas para el huerto.<br \/>\n<figure id=\"attachment_3264\" aria-describedby=\"caption-attachment-3264\" style=\"width: 300px\" class=\"wp-caption alignnone\"><img loading=\"lazy\" decoding=\"async\" class=\"size-medium wp-image-3264\" src=\"https:\/\/laeraverdadera.com\/wp-content\/uploads\/2018\/10\/20160504_164447-300x169.jpg\" alt=\"La huerta en noviembre\" width=\"300\" height=\"169\" srcset=\"https:\/\/www.laeraverdadera.com\/wp-content\/uploads\/2018\/10\/20160504_164447-300x169.jpg 300w, https:\/\/www.laeraverdadera.com\/wp-content\/uploads\/2018\/10\/20160504_164447-768x432.jpg 768w, https:\/\/www.laeraverdadera.com\/wp-content\/uploads\/2018\/10\/20160504_164447-1024x576.jpg 1024w, https:\/\/www.laeraverdadera.com\/wp-content\/uploads\/2018\/10\/20160504_164447-750x422.jpg 750w, https:\/\/www.laeraverdadera.com\/wp-content\/uploads\/2018\/10\/20160504_164447-285x160.jpg 285w\" sizes=\"auto, (max-width: 300px) 100vw, 300px\" \/><figcaption id=\"caption-attachment-3264\" class=\"wp-caption-text\">pensamientos<\/figcaption><\/figure>\n<\/li>\n<\/ul>\n<p>Es adem\u00e1s el momento ideal para pensar en la fauna que nos ayuda en el jard\u00edn y la huerta. Ya ha llegado los petirrojos, los trogloditos y los carboneros a nuestra huerta. Y nos amenizan con sus alegres cantos mientras trabajamos en ella.\u00a0 Podemos empezar a construir refugios, comederos y bebederos para ellos.<\/p>\n<figure id=\"attachment_3263\" aria-describedby=\"caption-attachment-3263\" style=\"width: 300px\" class=\"wp-caption alignnone\"><img loading=\"lazy\" decoding=\"async\" class=\"size-medium wp-image-3263\" src=\"https:\/\/laeraverdadera.com\/wp-content\/uploads\/2018\/10\/troglodito-300x200.jpg\" alt=\"La huerta en noviembre\" width=\"300\" height=\"200\" srcset=\"https:\/\/www.laeraverdadera.com\/wp-content\/uploads\/2018\/10\/troglodito-300x200.jpg 300w, https:\/\/www.laeraverdadera.com\/wp-content\/uploads\/2018\/10\/troglodito-768x512.jpg 768w, https:\/\/www.laeraverdadera.com\/wp-content\/uploads\/2018\/10\/troglodito-1024x683.jpg 1024w, https:\/\/www.laeraverdadera.com\/wp-content\/uploads\/2018\/10\/troglodito-633x422.jpg 633w, https:\/\/www.laeraverdadera.com\/wp-content\/uploads\/2018\/10\/troglodito-285x190.jpg 285w\" sizes=\"auto, (max-width: 300px) 100vw, 300px\" \/><figcaption id=\"caption-attachment-3263\" class=\"wp-caption-text\">troglodito<\/figcaption><\/figure>\n<p>\u00a0<\/p>\n<figure id=\"attachment_3261\" aria-describedby=\"caption-attachment-3261\" style=\"width: 300px\" class=\"wp-caption alignnone\"><img loading=\"lazy\" decoding=\"async\" class=\"size-full wp-image-3261\" src=\"https:\/\/laeraverdadera.com\/wp-content\/uploads\/2018\/10\/petirrojo.jpg\" alt=\"La huerta en noviembre\" width=\"300\" height=\"300\" srcset=\"https:\/\/www.laeraverdadera.com\/wp-content\/uploads\/2018\/10\/petirrojo.jpg 300w, https:\/\/www.laeraverdadera.com\/wp-content\/uploads\/2018\/10\/petirrojo-150x150.jpg 150w, https:\/\/www.laeraverdadera.com\/wp-content\/uploads\/2018\/10\/petirrojo-250x250.jpg 250w\" sizes=\"auto, (max-width: 300px) 100vw, 300px\" \/><figcaption id=\"caption-attachment-3261\" class=\"wp-caption-text\">petirrojo<\/figcaption><\/figure>\n<p>\u00a0<\/p>\n<figure id=\"attachment_3260\" aria-describedby=\"caption-attachment-3260\" style=\"width: 300px\" class=\"wp-caption aligncenter\"><img loading=\"lazy\" decoding=\"async\" class=\"size-medium wp-image-3260\" src=\"https:\/\/laeraverdadera.com\/wp-content\/uploads\/2018\/10\/carbonero-300x201.jpg\" alt=\"La huerta en noviembre\" width=\"300\" height=\"201\" srcset=\"https:\/\/www.laeraverdadera.com\/wp-content\/uploads\/2018\/10\/carbonero-300x201.jpg 300w, https:\/\/www.laeraverdadera.com\/wp-content\/uploads\/2018\/10\/carbonero-631x422.jpg 631w, https:\/\/www.laeraverdadera.com\/wp-content\/uploads\/2018\/10\/carbonero-285x191.jpg 285w, https:\/\/www.laeraverdadera.com\/wp-content\/uploads\/2018\/10\/carbonero.jpg 700w\" sizes=\"auto, (max-width: 300px) 100vw, 300px\" \/><figcaption id=\"caption-attachment-3260\" class=\"wp-caption-text\">Parus major, carbonero com\u00fan<\/figcaption><\/figure>\n<p>Tambi\u00e9n es una buena \u00e9poca para construir un <a href=\"https:\/\/laeraverdadera.com\/beneficios-de-los-hoteles-de-insectos\/\">Hotel de Insectos<\/a> si a\u00fan no lo tenemos. Gracias a estos vistosos hotelitos, nuestros amigos los insectos podr\u00e1n refugiarse durante el fr\u00edo invierno y nos lo agradecer\u00e1n en primavera, cuidando nuestras plantas de plagas indeseables.\u00a0<\/p>\n\n\n<div class=\"wp-block-image\"><figure class=\"aligncenter\"><img loading=\"lazy\" decoding=\"async\" width=\"225\" height=\"300\" src=\"https:\/\/laeraverdadera.com\/wp-content\/uploads\/2018\/10\/1571048016117-225x300.jpg\" alt=\"Hotel de insectos\" class=\"wp-image-6753\" srcset=\"https:\/\/www.laeraverdadera.com\/wp-content\/uploads\/2018\/10\/1571048016117-225x300.jpg 225w, https:\/\/www.laeraverdadera.com\/wp-content\/uploads\/2018\/10\/1571048016117-317x422.jpg 317w, https:\/\/www.laeraverdadera.com\/wp-content\/uploads\/2018\/10\/1571048016117-188x250.jpg 188w, https:\/\/www.laeraverdadera.com\/wp-content\/uploads\/2018\/10\/1571048016117.jpg 384w\" sizes=\"auto, (max-width: 225px) 100vw, 225px\" \/><figcaption>Hotel de insectos<\/figcaption><\/figure><\/div>\n\n\n\n<p>El oto\u00f1o es una \u00e9poca preciosa para pasear y disfrutar trabajando en el exterior. Te animas y \u00bfnos vemos por la huerta ?<\/p>\n","protected":false},"excerpt":{"rendered":"<p>La Huerta en el mes de noviembre Los d\u00edas se hacen m\u00e1s cortos, empiezan las lluvias y el fr\u00edo. Si bien este a\u00f1o hemos tenido un oto\u00f1o bast\u00e1nte c\u00e1lido, parece que a partir de ahora va a comenzar el fr\u00edo.\u00a0 As\u00ed que es un buen momento de comenzar con la [&hellip;]<\/p>\n","protected":false},"author":1,"featured_media":3259,"comment_status":"open","ping_status":"open","sticky":false,"template":"","format":"standard","meta":{"footnotes":""},"categories":[41,38,40],"tags":[63,87,88],"class_list":["post-3258","post","type-post","status-publish","format-standard","has-post-thumbnail","hentry","category-ecologia","category-huertos","category-naturaleza","tag-huerta","tag-noviembre","tag-siembra"],"_links":{"self":[{"href":"https:\/\/www.laeraverdadera.com\/index.php?rest_route=\/wp\/v2\/posts\/3258","targetHints":{"allow":["GET"]}}],"collection":[{"href":"https:\/\/www.laeraverdadera.com\/index.php?rest_route=\/wp\/v2\/posts"}],"about":[{"href":"https:\/\/www.laeraverdadera.com\/index.php?rest_route=\/wp\/v2\/types\/post"}],"author":[{"embeddable":true,"href":"https:\/\/www.laeraverdadera.com\/index.php?rest_route=\/wp\/v2\/users\/1"}],"replies":[{"embeddable":true,"href":"https:\/\/www.laeraverdadera.com\/index.php?rest_route=%2Fwp%2Fv2%2Fcomments&post=3258"}],"version-history":[{"count":6,"href":"https:\/\/www.laeraverdadera.com\/index.php?rest_route=\/wp\/v2\/posts\/3258\/revisions"}],"predecessor-version":[{"id":6764,"href":"https:\/\/www.laeraverdadera.com\/index.php?rest_route=\/wp\/v2\/posts\/3258\/revisions\/6764"}],"wp:featuredmedia":[{"embeddable":true,"href":"https:\/\/www.laeraverdadera.com\/index.php?rest_route=\/wp\/v2\/media\/3259"}],"wp:attachment":[{"href":"https:\/\/www.laeraverdadera.com\/index.php?rest_route=%2Fwp%2Fv2%2Fmedia&parent=3258"}],"wp:term":[{"taxonomy":"category","embeddable":true,"href":"https:\/\/www.laeraverdadera.com\/index.php?rest_route=%2Fwp%2Fv2%2Fcategories&post=3258"},{"taxonomy":"post_tag","embeddable":true,"href":"https:\/\/www.laeraverdadera.com\/index.php?rest_route=%2Fwp%2Fv2%2Ftags&post=3258"}],"curies":[{"name":"wp","href":"https:\/\/api.w.org\/{rel}","templated":true}]}}