{"id":3252,"date":"2018-10-31T10:47:00","date_gmt":"2018-10-31T10:47:00","guid":{"rendered":"https:\/\/laeraverdadera.com\/?p=3252"},"modified":"2018-11-21T18:00:10","modified_gmt":"2018-11-21T18:00:10","slug":"los-origenes-de-halloween","status":"publish","type":"post","link":"https:\/\/www.laeraverdadera.com\/?p=3252","title":{"rendered":"Los or\u00edgenes de Halloween"},"content":{"rendered":"<p>Los or\u00edgenes de Halloween<\/p>\n<figure id=\"attachment_3255\" aria-describedby=\"caption-attachment-3255\" style=\"width: 300px\" class=\"wp-caption alignnone\"><img loading=\"lazy\" decoding=\"async\" class=\"size-medium wp-image-3255\" src=\"https:\/\/laeraverdadera.com\/wp-content\/uploads\/2018\/10\/20181030_210248-300x169.jpg\" alt=\"Los or\u00edgenes de Halloween\" width=\"300\" height=\"169\" srcset=\"https:\/\/www.laeraverdadera.com\/wp-content\/uploads\/2018\/10\/20181030_210248-300x169.jpg 300w, https:\/\/www.laeraverdadera.com\/wp-content\/uploads\/2018\/10\/20181030_210248-768x432.jpg 768w, https:\/\/www.laeraverdadera.com\/wp-content\/uploads\/2018\/10\/20181030_210248-1024x576.jpg 1024w, https:\/\/www.laeraverdadera.com\/wp-content\/uploads\/2018\/10\/20181030_210248-750x422.jpg 750w, https:\/\/www.laeraverdadera.com\/wp-content\/uploads\/2018\/10\/20181030_210248-285x160.jpg 285w\" sizes=\"auto, (max-width: 300px) 100vw, 300px\" \/><figcaption id=\"caption-attachment-3255\" class=\"wp-caption-text\">Los or\u00edgenes de Halloween<\/figcaption><\/figure>\n<p>&nbsp;<\/p>\n<p>Hoy es uno de esos d\u00edas en los que por todas partes se escucha hablar de Halloween, bien porque unos son felices con la fiesta o bien porque otros la odian y no la entienden como algo propio.<\/p>\n<p>As\u00ed que en esta ma\u00f1ana nublosa y tenebrosa me he propuesto indagar un poco sobre el origen de Halloween y aqu\u00ed os dejo mis conclusiones.<\/p>\n<p><!--more--><\/p>\n<p>Como siempre las cosas no surgen de la noche a la ma\u00f1ana y siempre suelen tener un por qu\u00e9 y una evoluci\u00f3n, lo mismo ha ocurrido con esta festividad que en cierta manera podr\u00edamos decir que regresa a nosotros como un efecto boomerang. Si hab\u00e9is le\u00eddo bien regresa, algo transformada, pero en el origen parti\u00f3 de Europa hacia Am\u00e9rica y ahora vuelve con m\u00e1s fuerza, porque asum\u00e1moslo, in the USA hacen mejor marketing que nosotros.<\/p>\n<p>Empecemos por el principio, los primeros en celebrar esta fecha fueron los Celtas en el norte de Europa, antes de la llegada de los romanos, por lo que la cosa viene de largo. Se denominaba Samhain\u00a0y en ella los druidas danzaban alrededor de una fogata con el objetivo de ahuyentar a los malos esp\u00edritus.\u00a0 Hasta aqu\u00ed parece correcto, lo malo es que acompa\u00f1aban todo ello con sacrificios humanos para tener contentos a los dioses. Al llegar Julios Cesar por el a\u00f1os 55 a.C trataron de prohibirla, pero no lo lograron del todo.<\/p>\n<p>Los Celtas estaban muy unidos a la naturaleza y a los ciclos de la misma y para ellos hab\u00eda dos grandes estaciones el verano y el invierno uno ligado a la vida y el otro a la muerte. El final de octubre representaba el final del verano, la ca\u00edda de las hojas la llegada de la noche, por eso el 31 de octubre se consideraba que se habr\u00eda una puerta con el mundo de los muertos y estos pod\u00edan venir a visitar el mundo de los vivos. Ya tenemos resuelto el misterio de la fecha.<\/p>\n<p>Se dejaban ofrendas de comida y se en encend\u00edan velas para ahuyentar a los malos esp\u00edritus. Para que las velas no se apagasen se trallaban nabos (ya que en esa \u00e9poca en Europa no se conoc\u00edan las Calabazas) y se met\u00edan dentro. Los druidas usaban adem\u00e1s estos nabos con velas o carbones encendidos como linternas. \u00a0Al llegar a Am\u00e9rica los primeros colonos, se llevaron consigo estas costumbres y tradiciones y al descubrir all\u00ed las calabazas, cambiaron los nabos por calabazas. Ya tenemos resuelto el misterio de la calabaza.<\/p>\n<figure id=\"attachment_3254\" aria-describedby=\"caption-attachment-3254\" style=\"width: 300px\" class=\"wp-caption alignnone\"><img loading=\"lazy\" decoding=\"async\" class=\"size-medium wp-image-3254\" src=\"https:\/\/laeraverdadera.com\/wp-content\/uploads\/2018\/10\/20181030_210217-300x169.jpg\" alt=\"Los or\u00edgenes de Halloween\" width=\"300\" height=\"169\" srcset=\"https:\/\/www.laeraverdadera.com\/wp-content\/uploads\/2018\/10\/20181030_210217-300x169.jpg 300w, https:\/\/www.laeraverdadera.com\/wp-content\/uploads\/2018\/10\/20181030_210217-768x432.jpg 768w, https:\/\/www.laeraverdadera.com\/wp-content\/uploads\/2018\/10\/20181030_210217-1024x576.jpg 1024w, https:\/\/www.laeraverdadera.com\/wp-content\/uploads\/2018\/10\/20181030_210217-750x422.jpg 750w, https:\/\/www.laeraverdadera.com\/wp-content\/uploads\/2018\/10\/20181030_210217-285x160.jpg 285w\" sizes=\"auto, (max-width: 300px) 100vw, 300px\" \/><figcaption id=\"caption-attachment-3254\" class=\"wp-caption-text\">Los or\u00edgenes de Halloween<\/figcaption><\/figure>\n<p>Ahora vamos con el nombre, realmente viene del ingl\u00e9s, donde esta festividad se llamaba <strong>All Hallow\u2019s Eve<\/strong>, frase que se traduce al espa\u00f1ol como\u00a0<strong>V\u00edspera de todos los Santos<\/strong> y si la acortamos y unimos, nos da el famoso Halloween. Resuelto el misterio del nombre.<\/p>\n<p>Pero muchos me dir\u00e9is que sigue siendo una fiesta pagana que nos viene de fuera, bueno s\u00ed y no, en el norte de Espa\u00f1a tambi\u00e9n hab\u00eda Celtas y tambi\u00e9n practicaban estas fiestas. Lo que ocurre es que con la llegada de la Iglesia Cat\u00f3lica la mayor\u00eda de estos ritos paganos se satanizan y proh\u00edben, pero no desparecen ya que se transforman en la fiesta de todos los santos. En la que de nuevo se acerca el mundo de los vivos al de los muertos, debi\u00e9ndose honrar su memoria acudiendo a los cementerios, es verdad que no se decoran calabazas, pero se asan casta\u00f1as y se comen dulces y frutos ecos t\u00edpicos de la \u00e9poca. Y en las distintas partes de Espa\u00f1a se conservan tradiciones distintas pero muy similares en las que el principio de la uni\u00f3n entre vivos y muertos es una constante.<\/p>\n<p>Por ejemplo, en Galicia es <strong>Samain<\/strong> y es tradici\u00f3n decorar las casas con formas grotescas y velas. En Canarias es la noche de los <strong>Finaos<\/strong>, donde se recuerda a los que ya no est\u00e1n y se sale de fiesta para festejar la vida despu\u00e9s de la muerte.\u00a0 En Catalu\u00f1a, Valencia o Islas Baleares es la <strong>Casta\u00f1ada<\/strong>, en su origen se asan casta\u00f1as y alrededor de una mesa se contaban historias de los difuntos. En el Pais Vasco se conoce como <strong>Gazta\u00f1erre Eguna. <\/strong>En C\u00e1diz es la fiesta de <strong>Tosantos <\/strong>donde adem\u00e1s se disfrazan, personas animales y verduras. En Extremadura se conoce como <strong>Chaquet\u00eda<\/strong>, en M\u00e1laga es el <strong>marroween<\/strong>, en Cantabria es la <strong>Nochi los dijuntos<\/strong>\u2026.<\/p>\n<p>Seguro que me dejo muchas. Pero en definitiva cabe concluir que el 31 de octubre es una fecha especial, que ha sido importante a lo largo de la historia y que sigue ligada a un cierto halo de magia, los frutos de temporada, casta\u00f1as, boniatos, calabazas forman parte ella y aunque en los \u00faltimos a\u00f1os vayan ganando la partida los vampiros y los monstruos el origen sigue teniendo algo de propio. As\u00ed que, por qu\u00e9 no, disfrutemos y dejemos disfrutar.<\/p>\n<figure id=\"attachment_3256\" aria-describedby=\"caption-attachment-3256\" style=\"width: 300px\" class=\"wp-caption alignnone\"><img loading=\"lazy\" decoding=\"async\" class=\"size-medium wp-image-3256\" src=\"https:\/\/laeraverdadera.com\/wp-content\/uploads\/2018\/10\/20181031_095903-300x169.jpg\" alt=\"Los or\u00edgenes de Halloween\" width=\"300\" height=\"169\" srcset=\"https:\/\/www.laeraverdadera.com\/wp-content\/uploads\/2018\/10\/20181031_095903-300x169.jpg 300w, https:\/\/www.laeraverdadera.com\/wp-content\/uploads\/2018\/10\/20181031_095903-768x432.jpg 768w, https:\/\/www.laeraverdadera.com\/wp-content\/uploads\/2018\/10\/20181031_095903-1024x576.jpg 1024w, https:\/\/www.laeraverdadera.com\/wp-content\/uploads\/2018\/10\/20181031_095903-750x422.jpg 750w, https:\/\/www.laeraverdadera.com\/wp-content\/uploads\/2018\/10\/20181031_095903-285x160.jpg 285w\" sizes=\"auto, (max-width: 300px) 100vw, 300px\" \/><figcaption id=\"caption-attachment-3256\" class=\"wp-caption-text\">Los or\u00edgenes de Halloween<\/figcaption><\/figure>\n<p>Feliz noche<\/p>\n","protected":false},"excerpt":{"rendered":"<p>Los or\u00edgenes de Halloween &nbsp; Hoy es uno de esos d\u00edas en los que por todas partes se escucha hablar de Halloween, bien porque unos son felices con la fiesta o bien porque otros la odian y no la entienden como algo propio. As\u00ed que en esta ma\u00f1ana nublosa y [&hellip;]<\/p>\n","protected":false},"author":1,"featured_media":3256,"comment_status":"open","ping_status":"open","sticky":false,"template":"","format":"standard","meta":{"footnotes":""},"categories":[82],"tags":[85,86,83,84],"class_list":["post-3252","post","type-post","status-publish","format-standard","has-post-thumbnail","hentry","category-curiosidades","tag-curiosidades","tag-dia-de-todos-los-santos","tag-halloween","tag-tradiciones"],"_links":{"self":[{"href":"https:\/\/www.laeraverdadera.com\/index.php?rest_route=\/wp\/v2\/posts\/3252","targetHints":{"allow":["GET"]}}],"collection":[{"href":"https:\/\/www.laeraverdadera.com\/index.php?rest_route=\/wp\/v2\/posts"}],"about":[{"href":"https:\/\/www.laeraverdadera.com\/index.php?rest_route=\/wp\/v2\/types\/post"}],"author":[{"embeddable":true,"href":"https:\/\/www.laeraverdadera.com\/index.php?rest_route=\/wp\/v2\/users\/1"}],"replies":[{"embeddable":true,"href":"https:\/\/www.laeraverdadera.com\/index.php?rest_route=%2Fwp%2Fv2%2Fcomments&post=3252"}],"version-history":[{"count":3,"href":"https:\/\/www.laeraverdadera.com\/index.php?rest_route=\/wp\/v2\/posts\/3252\/revisions"}],"predecessor-version":[{"id":3343,"href":"https:\/\/www.laeraverdadera.com\/index.php?rest_route=\/wp\/v2\/posts\/3252\/revisions\/3343"}],"wp:featuredmedia":[{"embeddable":true,"href":"https:\/\/www.laeraverdadera.com\/index.php?rest_route=\/wp\/v2\/media\/3256"}],"wp:attachment":[{"href":"https:\/\/www.laeraverdadera.com\/index.php?rest_route=%2Fwp%2Fv2%2Fmedia&parent=3252"}],"wp:term":[{"taxonomy":"category","embeddable":true,"href":"https:\/\/www.laeraverdadera.com\/index.php?rest_route=%2Fwp%2Fv2%2Fcategories&post=3252"},{"taxonomy":"post_tag","embeddable":true,"href":"https:\/\/www.laeraverdadera.com\/index.php?rest_route=%2Fwp%2Fv2%2Ftags&post=3252"}],"curies":[{"name":"wp","href":"https:\/\/api.w.org\/{rel}","templated":true}]}}