{"id":3237,"date":"2018-10-31T10:33:43","date_gmt":"2018-10-31T10:33:43","guid":{"rendered":"https:\/\/laeraverdadera.com\/?p=3237"},"modified":"2019-04-09T09:58:12","modified_gmt":"2019-04-09T09:58:12","slug":"tomates-verdes-fritos","status":"publish","type":"post","link":"https:\/\/www.laeraverdadera.com\/?p=3237","title":{"rendered":"Tomates verdes fritos"},"content":{"rendered":"<p>Tomates verdes fritos<\/p>\n<p>Lleg\u00f3 el oto\u00f1o, vaya noticia os doy, \u00bf\u00bfeh??? Lleva lloviendo desde hace un mes y yo vengo ahora con la buena nueva.<\/p>\n<p>Ya, es que resulta, que justo cuando empez\u00f3 a llover, la pobre huerta se llev\u00f3 un susto y los tomates se quedaron verdes. Pero verdes verdes, y por m\u00e1s que los dejo, mimo y piropeo para ver si se ponen coloraos\u2026nada. Verdes, sigo teniendo un mont\u00f3n de tomates verdes.<!--more--><\/p>\n<figure id=\"attachment_3238\" aria-describedby=\"caption-attachment-3238\" style=\"width: 169px\" class=\"wp-caption alignnone\"><img loading=\"lazy\" decoding=\"async\" class=\"size-medium wp-image-3238\" src=\"https:\/\/laeraverdadera.com\/wp-content\/uploads\/2018\/10\/20161204_134258-2-169x300.jpg\" alt=\"tomates verdes fritos\" width=\"169\" height=\"300\" srcset=\"https:\/\/www.laeraverdadera.com\/wp-content\/uploads\/2018\/10\/20161204_134258-2-169x300.jpg 169w, https:\/\/www.laeraverdadera.com\/wp-content\/uploads\/2018\/10\/20161204_134258-2-768x1365.jpg 768w, https:\/\/www.laeraverdadera.com\/wp-content\/uploads\/2018\/10\/20161204_134258-2-576x1024.jpg 576w, https:\/\/www.laeraverdadera.com\/wp-content\/uploads\/2018\/10\/20161204_134258-2-237x422.jpg 237w, https:\/\/www.laeraverdadera.com\/wp-content\/uploads\/2018\/10\/20161204_134258-2-141x250.jpg 141w, https:\/\/www.laeraverdadera.com\/wp-content\/uploads\/2018\/10\/20161204_134258-2.jpg 1836w\" sizes=\"auto, (max-width: 169px) 100vw, 169px\" \/><figcaption id=\"caption-attachment-3238\" class=\"wp-caption-text\">tomates verdes<\/figcaption><\/figure>\n<p>Hasta que se me encendi\u00f3 la lucecita, tanto repetir tomate verde, tomate verde y lo que me faltaba era el FRITO.<\/p>\n<p>Y despu\u00e9s de re verme una vez m\u00e1s la peli, me puse a investigar sobre la receta.<\/p>\n<p>Resulta que este problemita de los tomates verdes del final de temporada viene de lejos. \u00a0As\u00ed que buscando e investigando la infinidad de recetas de tomates verdes fritos, \u00a0he llegado a la siguiente conclusi\u00f3n: hay una vertiente que hace los tomates verdes fritos m\u00e1s crujientes y otra m\u00e1s empanados tipo bu\u00f1uelo, pero en todas es fundamental la salsa de acompa\u00f1amiento. \u00a0Que por cierto he de decir que est\u00e1 de vicio.<\/p>\n<p>Yo hoy me he decantado por una opci\u00f3n m\u00e1s crujiente. Vivan los GREEN FRIED TOMATOES.<\/p>\n<p>Y me he basado sobre todo en estas recetas, pero he a\u00f1adido de varias m\u00e1s:<\/p>\n<p><a href=\"http:\/\/allrecipes.com\/recipe\/232360\/easy-southern-fried-green-tomatoes\/\">http:\/\/allrecipes.com\/recipe\/232360\/easy-southern-fried-green-tomatoes\/<\/a><\/p>\n<p><a href=\"http:\/\/www.foodnetwork.com\/recipes\/patrick-and-gina-neely\/fried-green-tomatoes-recipe.html\">http:\/\/www.foodnetwork.com\/recipes\/patrick-and-gina-neely\/fried-green-tomatoes-recipe.html<\/a><\/p>\n<p>Ingredientes para los tomates:<\/p>\n<ul>\n<li>1 kg de tomates verdes<\/li>\n<li>2 huevos<\/li>\n<li>2 cucharadas de agua ( en muchas recetas usan buttermnilk o leche normal, pero yo prefiero esta con agua para que quede m\u00e1s crujiente y no tan \u201cbu\u00f1uelado\u201d cuesti\u00f3n de gustos.<\/li>\n<li>1 taza de harina normal<\/li>\n<li>1 taza de harina de ma\u00edz, OJO No de maicena, la maicena es almid\u00f3n de ma\u00edz y aqu\u00ed queremos harina de ma\u00edz como la que se usa para preparar las arepas, en Mercadona la venden.<\/li>\n<li>Especias: sal, pimienta, piment\u00f3n, cayena y or\u00e9gano<\/li>\n<li>Aceite de semillas para freir<\/li>\n<\/ul>\n<p>Ingredientes para la salsa:<\/p>\n<ul>\n<li>1 cebolleta, peque\u00f1a o major a\u00fan la parte verde de dos cebolletas<\/li>\n<li>\u00bd diente de ajo<\/li>\n<li>Zumo de medio lim\u00f3n<\/li>\n<li>1 cucharadita de caf\u00e9 de mostaza (yo he puesto de Dijon)<\/li>\n<li>2 cucharadas soperas de ketchup<\/li>\n<li>1 taza de mayonesa<\/li>\n<li>Salsa perrins<\/li>\n<li>Y especias: sal, pimienta, piment\u00f3n, cayena y tabasco (al gusto)<\/li>\n<\/ul>\n<p>Preparaci\u00f3n:<\/p>\n<ol>\n<li>Empezamos con la salsa, tan sencillo como meterlo todo a casco porr\u00f3n en un procesador de alimentos tipo thermomix o minipimer y triturar hasta convertir en salsa. Reservar<\/li>\n<li>Cortamos los tomates limpitos en lonchas de m\u00e1s o menos 1 cm de grosor.\n<p><figure id=\"attachment_3239\" aria-describedby=\"caption-attachment-3239\" style=\"width: 300px\" class=\"wp-caption alignnone\"><img loading=\"lazy\" decoding=\"async\" class=\"size-medium wp-image-3239\" src=\"https:\/\/laeraverdadera.com\/wp-content\/uploads\/2018\/10\/20161204_134701-2-300x169.jpg\" alt=\"tomates verdes fritos\" width=\"300\" height=\"169\" srcset=\"https:\/\/www.laeraverdadera.com\/wp-content\/uploads\/2018\/10\/20161204_134701-2-300x169.jpg 300w, https:\/\/www.laeraverdadera.com\/wp-content\/uploads\/2018\/10\/20161204_134701-2-768x432.jpg 768w, https:\/\/www.laeraverdadera.com\/wp-content\/uploads\/2018\/10\/20161204_134701-2-1024x576.jpg 1024w, https:\/\/www.laeraverdadera.com\/wp-content\/uploads\/2018\/10\/20161204_134701-2-750x422.jpg 750w, https:\/\/www.laeraverdadera.com\/wp-content\/uploads\/2018\/10\/20161204_134701-2-285x160.jpg 285w\" sizes=\"auto, (max-width: 300px) 100vw, 300px\" \/><figcaption id=\"caption-attachment-3239\" class=\"wp-caption-text\">cortar tomates en rodajas<\/figcaption><\/figure><\/li>\n<li>En un plato mezclamos las harinas y las especias y en otro los huevos y el agua. (para la opci\u00f3n m\u00e1s tipo rebozado mejor usar leche)\n<p><figure id=\"attachment_3240\" aria-describedby=\"caption-attachment-3240\" style=\"width: 169px\" class=\"wp-caption alignnone\"><img loading=\"lazy\" decoding=\"async\" class=\"size-medium wp-image-3240\" src=\"https:\/\/laeraverdadera.com\/wp-content\/uploads\/2018\/10\/20161204_135939-2-169x300.jpg\" alt=\"tomates verdes fritos\" width=\"169\" height=\"300\" srcset=\"https:\/\/www.laeraverdadera.com\/wp-content\/uploads\/2018\/10\/20161204_135939-2-169x300.jpg 169w, https:\/\/www.laeraverdadera.com\/wp-content\/uploads\/2018\/10\/20161204_135939-2-768x1365.jpg 768w, https:\/\/www.laeraverdadera.com\/wp-content\/uploads\/2018\/10\/20161204_135939-2-576x1024.jpg 576w, https:\/\/www.laeraverdadera.com\/wp-content\/uploads\/2018\/10\/20161204_135939-2-237x422.jpg 237w, https:\/\/www.laeraverdadera.com\/wp-content\/uploads\/2018\/10\/20161204_135939-2-141x250.jpg 141w, https:\/\/www.laeraverdadera.com\/wp-content\/uploads\/2018\/10\/20161204_135939-2.jpg 1836w\" sizes=\"auto, (max-width: 169px) 100vw, 169px\" \/><figcaption id=\"caption-attachment-3240\" class=\"wp-caption-text\">mezclar harina y especias<\/figcaption><\/figure><\/li>\n<li>Como he optado por la opci\u00f3n crujiente hago la siguiente secuencia:<\/li>\n<\/ol>\n<p>HARINA-HUEVO-HARINA<\/p>\n<figure id=\"attachment_3245\" aria-describedby=\"caption-attachment-3245\" style=\"width: 169px\" class=\"wp-caption alignnone\"><img loading=\"lazy\" decoding=\"async\" class=\"size-medium wp-image-3245\" src=\"https:\/\/laeraverdadera.com\/wp-content\/uploads\/2018\/10\/20161204_140222-2-169x300.jpg\" alt=\"tomates verdes fritos\" width=\"169\" height=\"300\" srcset=\"https:\/\/www.laeraverdadera.com\/wp-content\/uploads\/2018\/10\/20161204_140222-2-169x300.jpg 169w, https:\/\/www.laeraverdadera.com\/wp-content\/uploads\/2018\/10\/20161204_140222-2-768x1365.jpg 768w, https:\/\/www.laeraverdadera.com\/wp-content\/uploads\/2018\/10\/20161204_140222-2-576x1024.jpg 576w, https:\/\/www.laeraverdadera.com\/wp-content\/uploads\/2018\/10\/20161204_140222-2-237x422.jpg 237w, https:\/\/www.laeraverdadera.com\/wp-content\/uploads\/2018\/10\/20161204_140222-2-141x250.jpg 141w, https:\/\/www.laeraverdadera.com\/wp-content\/uploads\/2018\/10\/20161204_140222-2.jpg 1836w\" sizes=\"auto, (max-width: 169px) 100vw, 169px\" \/><figcaption id=\"caption-attachment-3245\" class=\"wp-caption-text\">tomates verdes fritos<\/figcaption><\/figure>\n<figure id=\"attachment_3243\" aria-describedby=\"caption-attachment-3243\" style=\"width: 300px\" class=\"wp-caption alignnone\"><img loading=\"lazy\" decoding=\"async\" class=\"size-medium wp-image-3243\" src=\"https:\/\/laeraverdadera.com\/wp-content\/uploads\/2018\/10\/20161204_140142-2-300x169.jpg\" alt=\"tomates verdes fritos\" width=\"300\" height=\"169\" srcset=\"https:\/\/www.laeraverdadera.com\/wp-content\/uploads\/2018\/10\/20161204_140142-2-300x169.jpg 300w, https:\/\/www.laeraverdadera.com\/wp-content\/uploads\/2018\/10\/20161204_140142-2-768x432.jpg 768w, https:\/\/www.laeraverdadera.com\/wp-content\/uploads\/2018\/10\/20161204_140142-2-1024x576.jpg 1024w, https:\/\/www.laeraverdadera.com\/wp-content\/uploads\/2018\/10\/20161204_140142-2-750x422.jpg 750w, https:\/\/www.laeraverdadera.com\/wp-content\/uploads\/2018\/10\/20161204_140142-2-285x160.jpg 285w\" sizes=\"auto, (max-width: 300px) 100vw, 300px\" \/><figcaption id=\"caption-attachment-3243\" class=\"wp-caption-text\">huevo<\/figcaption><\/figure>\n<figure id=\"attachment_3244\" aria-describedby=\"caption-attachment-3244\" style=\"width: 300px\" class=\"wp-caption alignnone\"><img loading=\"lazy\" decoding=\"async\" class=\"size-medium wp-image-3244\" src=\"https:\/\/laeraverdadera.com\/wp-content\/uploads\/2018\/10\/20161204_140158-2-300x169.jpg\" alt=\"tomates verdes fritos\" width=\"300\" height=\"169\" srcset=\"https:\/\/www.laeraverdadera.com\/wp-content\/uploads\/2018\/10\/20161204_140158-2-300x169.jpg 300w, https:\/\/www.laeraverdadera.com\/wp-content\/uploads\/2018\/10\/20161204_140158-2-768x432.jpg 768w, https:\/\/www.laeraverdadera.com\/wp-content\/uploads\/2018\/10\/20161204_140158-2-1024x576.jpg 1024w, https:\/\/www.laeraverdadera.com\/wp-content\/uploads\/2018\/10\/20161204_140158-2-750x422.jpg 750w, https:\/\/www.laeraverdadera.com\/wp-content\/uploads\/2018\/10\/20161204_140158-2-285x160.jpg 285w\" sizes=\"auto, (max-width: 300px) 100vw, 300px\" \/><figcaption id=\"caption-attachment-3244\" class=\"wp-caption-text\">harina<\/figcaption><\/figure>\n<ol start=\"5\">\n<li>Antes de fre\u00edr en el aceite caliente dejar que los tomates se empapen bien con la harina para que queden m\u00e1s crujientitos, ir friendo un minuto por cada lado hasta que est\u00e9n doraditos. Escurrir sobre papel de cocina y a DISFRUTAR<\/li>\n<\/ol>\n<figure id=\"attachment_3246\" aria-describedby=\"caption-attachment-3246\" style=\"width: 169px\" class=\"wp-caption alignnone\"><img loading=\"lazy\" decoding=\"async\" class=\"size-medium wp-image-3246\" src=\"https:\/\/laeraverdadera.com\/wp-content\/uploads\/2018\/10\/20161204_141730-2-169x300.jpg\" alt=\"tomates verdes fritos\" width=\"169\" height=\"300\" srcset=\"https:\/\/www.laeraverdadera.com\/wp-content\/uploads\/2018\/10\/20161204_141730-2-169x300.jpg 169w, https:\/\/www.laeraverdadera.com\/wp-content\/uploads\/2018\/10\/20161204_141730-2-768x1365.jpg 768w, https:\/\/www.laeraverdadera.com\/wp-content\/uploads\/2018\/10\/20161204_141730-2-576x1024.jpg 576w, https:\/\/www.laeraverdadera.com\/wp-content\/uploads\/2018\/10\/20161204_141730-2-237x422.jpg 237w, https:\/\/www.laeraverdadera.com\/wp-content\/uploads\/2018\/10\/20161204_141730-2-141x250.jpg 141w, https:\/\/www.laeraverdadera.com\/wp-content\/uploads\/2018\/10\/20161204_141730-2.jpg 1836w\" sizes=\"auto, (max-width: 169px) 100vw, 169px\" \/><figcaption id=\"caption-attachment-3246\" class=\"wp-caption-text\">dejar reposar<\/figcaption><\/figure>\n<figure id=\"attachment_3247\" aria-describedby=\"caption-attachment-3247\" style=\"width: 300px\" class=\"wp-caption alignnone\"><img loading=\"lazy\" decoding=\"async\" class=\"size-medium wp-image-3247\" src=\"https:\/\/laeraverdadera.com\/wp-content\/uploads\/2018\/10\/20161204_142018-2-300x169.jpg\" alt=\"tomates verdes fritos\" width=\"300\" height=\"169\" srcset=\"https:\/\/www.laeraverdadera.com\/wp-content\/uploads\/2018\/10\/20161204_142018-2-300x169.jpg 300w, https:\/\/www.laeraverdadera.com\/wp-content\/uploads\/2018\/10\/20161204_142018-2-768x432.jpg 768w, https:\/\/www.laeraverdadera.com\/wp-content\/uploads\/2018\/10\/20161204_142018-2-1024x576.jpg 1024w, https:\/\/www.laeraverdadera.com\/wp-content\/uploads\/2018\/10\/20161204_142018-2-750x422.jpg 750w, https:\/\/www.laeraverdadera.com\/wp-content\/uploads\/2018\/10\/20161204_142018-2-285x160.jpg 285w\" sizes=\"auto, (max-width: 300px) 100vw, 300px\" \/><figcaption id=\"caption-attachment-3247\" class=\"wp-caption-text\">fre\u00edr en abundante aceite caliente<\/figcaption><\/figure>\n<figure id=\"attachment_3248\" aria-describedby=\"caption-attachment-3248\" style=\"width: 169px\" class=\"wp-caption alignnone\"><img loading=\"lazy\" decoding=\"async\" class=\"size-medium wp-image-3248\" src=\"https:\/\/laeraverdadera.com\/wp-content\/uploads\/2018\/10\/20161204_143012-2-169x300.jpg\" alt=\"tomates verdes fritos\" width=\"169\" height=\"300\" srcset=\"https:\/\/www.laeraverdadera.com\/wp-content\/uploads\/2018\/10\/20161204_143012-2-169x300.jpg 169w, https:\/\/www.laeraverdadera.com\/wp-content\/uploads\/2018\/10\/20161204_143012-2-768x1365.jpg 768w, https:\/\/www.laeraverdadera.com\/wp-content\/uploads\/2018\/10\/20161204_143012-2-576x1024.jpg 576w, https:\/\/www.laeraverdadera.com\/wp-content\/uploads\/2018\/10\/20161204_143012-2-237x422.jpg 237w, https:\/\/www.laeraverdadera.com\/wp-content\/uploads\/2018\/10\/20161204_143012-2-141x250.jpg 141w, https:\/\/www.laeraverdadera.com\/wp-content\/uploads\/2018\/10\/20161204_143012-2.jpg 1836w\" sizes=\"auto, (max-width: 169px) 100vw, 169px\" \/><figcaption id=\"caption-attachment-3248\" class=\"wp-caption-text\">escurrir en papel de cocina<\/figcaption><\/figure>\n<p>Tambi\u00e9n pod\u00e9is aprovechar para fre\u00edr con la misma mezcla unas berenjenas o calabacines, quedan igualmente exquisitos.<\/p>\n<p>Besos<\/p>\n","protected":false},"excerpt":{"rendered":"<p>Tomates verdes fritos Lleg\u00f3 el oto\u00f1o, vaya noticia os doy, \u00bf\u00bfeh??? Lleva lloviendo desde hace un mes y yo vengo ahora con la buena nueva. Ya, es que resulta, que justo cuando empez\u00f3 a llover, la pobre huerta se llev\u00f3 un susto y los tomates se quedaron verdes. Pero verdes [&hellip;]<\/p>\n","protected":false},"author":1,"featured_media":3249,"comment_status":"open","ping_status":"open","sticky":false,"template":"","format":"standard","meta":{"footnotes":""},"categories":[70],"tags":[79,80,81,78,77,45],"class_list":["post-3237","post","type-post","status-publish","format-standard","has-post-thumbnail","hentry","category-recetas","tag-aperitivos","tag-entrantes","tag-facil","tag-tomates","tag-tomates-verdes-fritos","tag-verduras"],"_links":{"self":[{"href":"https:\/\/www.laeraverdadera.com\/index.php?rest_route=\/wp\/v2\/posts\/3237","targetHints":{"allow":["GET"]}}],"collection":[{"href":"https:\/\/www.laeraverdadera.com\/index.php?rest_route=\/wp\/v2\/posts"}],"about":[{"href":"https:\/\/www.laeraverdadera.com\/index.php?rest_route=\/wp\/v2\/types\/post"}],"author":[{"embeddable":true,"href":"https:\/\/www.laeraverdadera.com\/index.php?rest_route=\/wp\/v2\/users\/1"}],"replies":[{"embeddable":true,"href":"https:\/\/www.laeraverdadera.com\/index.php?rest_route=%2Fwp%2Fv2%2Fcomments&post=3237"}],"version-history":[{"count":3,"href":"https:\/\/www.laeraverdadera.com\/index.php?rest_route=\/wp\/v2\/posts\/3237\/revisions"}],"predecessor-version":[{"id":4015,"href":"https:\/\/www.laeraverdadera.com\/index.php?rest_route=\/wp\/v2\/posts\/3237\/revisions\/4015"}],"wp:featuredmedia":[{"embeddable":true,"href":"https:\/\/www.laeraverdadera.com\/index.php?rest_route=\/wp\/v2\/media\/3249"}],"wp:attachment":[{"href":"https:\/\/www.laeraverdadera.com\/index.php?rest_route=%2Fwp%2Fv2%2Fmedia&parent=3237"}],"wp:term":[{"taxonomy":"category","embeddable":true,"href":"https:\/\/www.laeraverdadera.com\/index.php?rest_route=%2Fwp%2Fv2%2Fcategories&post=3237"},{"taxonomy":"post_tag","embeddable":true,"href":"https:\/\/www.laeraverdadera.com\/index.php?rest_route=%2Fwp%2Fv2%2Ftags&post=3237"}],"curies":[{"name":"wp","href":"https:\/\/api.w.org\/{rel}","templated":true}]}}