{"id":3115,"date":"2018-09-26T11:35:41","date_gmt":"2018-09-26T11:35:41","guid":{"rendered":"https:\/\/laeraverdadera.com\/?p=3115"},"modified":"2018-09-26T11:39:51","modified_gmt":"2018-09-26T11:39:51","slug":"la-huerta-en-septiembre","status":"publish","type":"post","link":"https:\/\/www.laeraverdadera.com\/?p=3115","title":{"rendered":"La huerta en septiembre"},"content":{"rendered":"<p>La huerta en septiembre<\/p>\n<p>Las cosechas del verano siguen a pleno rendimiento, pero poco a poco va siendo hora de dar paso a las huertas de oto\u00f1o invierno. La huerta en septiembre se caracteriza normalmente por ser una huerta de transici\u00f3n donde conviven melones, con coles y tomates con espinacas.<\/p>\n<p><!--more--><\/p>\n<p>Este verano hemos ampliado la comunidad huertana, y se podr\u00eda decir que este a\u00f1o, ha sido el verano del tomate. Hemos tenido infinidad de tomates ya aut\u00f3ctonos, que han salido de forma espont\u00e1nea, vistiendo de bonito color las huertas.<\/p>\n<p>La huerta de septiembre se caracteriza tambi\u00e9n por ser una huerta en la que mucha de la cosecha se va a dedicar a conservas o a guardar semillas para el a\u00f1o que viene. De los mejores ejemplares y de las plantas m\u00e1s resistentes seleccionaremos los mejores frutos para guardar y conservar las semillas para el a\u00f1o que viene. A mi me gusta guardarlas ne tarros de cristal en los que voy anotando la fecha en la que los guardo.<\/p>\n<p>Adem\u00e1s, hemos experimentado con un tipi de jud\u00edas, que si llegamos a hacer m\u00e1s grande llega hasta el castillo de Gulibert, ? menos mal que no llegamos tan alto, porque ya se nos complica la cosecha de las jud\u00edas de arriba.<\/p>\n<p>Este a\u00f1o adem\u00e1s hemos incluido una nueva variante de calabaza, la calabaza espagueti, que por mi parte estoy ya como loca por cosechar y ense\u00f1aros recetas\u2026.<\/p>\n<p>Ahora es \u00e9poca de seguir cosechando los frutos de la huerta de verano y comenzar a planear y preparar las huertas de oto\u00f1o invierno, las coles, espinacas, acelgas, lechugas, can\u00f3nigos, ajos, cebollas, coliflores, alcachofas, remolachas y dem\u00e1s verduras de oto\u00f1os- invierno est\u00e1n ya pidiendo cita para acomodarse en nuestros bancales.<\/p>\n<p>Entre tanto seguimos cosechando calabazas, melones, sandias, tomates, pepinos, pimientos, berenjenas y calabacines. Seg\u00fan se vayan apagando las plantas del verano iremos haciendo hueco para los nuevos plantones, a la vez que vamos preparando semilleros con las semillas de aquellas verduras oto\u00f1ales que hayamos seleccionado y almacenado el a\u00f1o anterior.<\/p>\n<p>Y como siempre, como una imagen vale m\u00e1s que mil palabras, aqu\u00ed van unas cuantas fotos de las huertas en septiembre.<\/p>\n<p>Besos<\/p>\n<figure id=\"attachment_3095\" aria-describedby=\"caption-attachment-3095\" style=\"width: 300px\" class=\"wp-caption alignnone\"><img loading=\"lazy\" decoding=\"async\" class=\"size-medium wp-image-3095\" src=\"https:\/\/laeraverdadera.com\/wp-content\/uploads\/2018\/09\/172eraver-300x200.jpg\" alt=\"Girasoles\" width=\"300\" height=\"200\" srcset=\"https:\/\/www.laeraverdadera.com\/wp-content\/uploads\/2018\/09\/172eraver-300x200.jpg 300w, https:\/\/www.laeraverdadera.com\/wp-content\/uploads\/2018\/09\/172eraver-768x512.jpg 768w, https:\/\/www.laeraverdadera.com\/wp-content\/uploads\/2018\/09\/172eraver-1024x683.jpg 1024w, https:\/\/www.laeraverdadera.com\/wp-content\/uploads\/2018\/09\/172eraver-633x422.jpg 633w, https:\/\/www.laeraverdadera.com\/wp-content\/uploads\/2018\/09\/172eraver-285x190.jpg 285w\" sizes=\"auto, (max-width: 300px) 100vw, 300px\" \/><figcaption id=\"caption-attachment-3095\" class=\"wp-caption-text\">Girasoles<\/figcaption><\/figure>\n<figure id=\"attachment_3093\" aria-describedby=\"caption-attachment-3093\" style=\"width: 300px\" class=\"wp-caption alignnone\"><img loading=\"lazy\" decoding=\"async\" class=\"size-medium wp-image-3093\" src=\"https:\/\/laeraverdadera.com\/wp-content\/uploads\/2018\/09\/137eraver-300x200.jpg\" alt=\"berenjenas\" width=\"300\" height=\"200\" srcset=\"https:\/\/www.laeraverdadera.com\/wp-content\/uploads\/2018\/09\/137eraver-300x200.jpg 300w, https:\/\/www.laeraverdadera.com\/wp-content\/uploads\/2018\/09\/137eraver-768x512.jpg 768w, https:\/\/www.laeraverdadera.com\/wp-content\/uploads\/2018\/09\/137eraver-1024x683.jpg 1024w, https:\/\/www.laeraverdadera.com\/wp-content\/uploads\/2018\/09\/137eraver-633x422.jpg 633w, https:\/\/www.laeraverdadera.com\/wp-content\/uploads\/2018\/09\/137eraver-285x190.jpg 285w\" sizes=\"auto, (max-width: 300px) 100vw, 300px\" \/><figcaption id=\"caption-attachment-3093\" class=\"wp-caption-text\">berenjenas<\/figcaption><\/figure>\n<figure id=\"attachment_3116\" aria-describedby=\"caption-attachment-3116\" style=\"width: 300px\" class=\"wp-caption alignnone\"><img loading=\"lazy\" decoding=\"async\" class=\"size-medium wp-image-3116\" src=\"https:\/\/laeraverdadera.com\/wp-content\/uploads\/2018\/09\/124eraver-300x200.jpg\" alt=\"Calabacines\" width=\"300\" height=\"200\" srcset=\"https:\/\/www.laeraverdadera.com\/wp-content\/uploads\/2018\/09\/124eraver-300x200.jpg 300w, https:\/\/www.laeraverdadera.com\/wp-content\/uploads\/2018\/09\/124eraver-768x512.jpg 768w, https:\/\/www.laeraverdadera.com\/wp-content\/uploads\/2018\/09\/124eraver-1024x683.jpg 1024w, https:\/\/www.laeraverdadera.com\/wp-content\/uploads\/2018\/09\/124eraver-633x422.jpg 633w, https:\/\/www.laeraverdadera.com\/wp-content\/uploads\/2018\/09\/124eraver-285x190.jpg 285w\" sizes=\"auto, (max-width: 300px) 100vw, 300px\" \/><figcaption id=\"caption-attachment-3116\" class=\"wp-caption-text\">Calabacines<\/figcaption><\/figure>\n<figure id=\"attachment_3117\" aria-describedby=\"caption-attachment-3117\" style=\"width: 300px\" class=\"wp-caption alignnone\"><img loading=\"lazy\" decoding=\"async\" class=\"size-medium wp-image-3117\" src=\"https:\/\/laeraverdadera.com\/wp-content\/uploads\/2018\/09\/147eraver-300x200.jpg\" alt=\"huertas\" width=\"300\" height=\"200\" srcset=\"https:\/\/www.laeraverdadera.com\/wp-content\/uploads\/2018\/09\/147eraver-300x200.jpg 300w, https:\/\/www.laeraverdadera.com\/wp-content\/uploads\/2018\/09\/147eraver-768x512.jpg 768w, https:\/\/www.laeraverdadera.com\/wp-content\/uploads\/2018\/09\/147eraver-1024x683.jpg 1024w, https:\/\/www.laeraverdadera.com\/wp-content\/uploads\/2018\/09\/147eraver-633x422.jpg 633w, https:\/\/www.laeraverdadera.com\/wp-content\/uploads\/2018\/09\/147eraver-285x190.jpg 285w\" sizes=\"auto, (max-width: 300px) 100vw, 300px\" \/><figcaption id=\"caption-attachment-3117\" class=\"wp-caption-text\">huertas<\/figcaption><\/figure>\n<figure id=\"attachment_3123\" aria-describedby=\"caption-attachment-3123\" style=\"width: 300px\" class=\"wp-caption alignnone\"><img loading=\"lazy\" decoding=\"async\" class=\"size-medium wp-image-3123\" src=\"https:\/\/laeraverdadera.com\/wp-content\/uploads\/2018\/09\/20160917_095905-300x169.jpg\" alt=\"tomates\" width=\"300\" height=\"169\" srcset=\"https:\/\/www.laeraverdadera.com\/wp-content\/uploads\/2018\/09\/20160917_095905-300x169.jpg 300w, https:\/\/www.laeraverdadera.com\/wp-content\/uploads\/2018\/09\/20160917_095905-768x432.jpg 768w, https:\/\/www.laeraverdadera.com\/wp-content\/uploads\/2018\/09\/20160917_095905-1024x576.jpg 1024w, https:\/\/www.laeraverdadera.com\/wp-content\/uploads\/2018\/09\/20160917_095905-750x422.jpg 750w, https:\/\/www.laeraverdadera.com\/wp-content\/uploads\/2018\/09\/20160917_095905-285x160.jpg 285w\" sizes=\"auto, (max-width: 300px) 100vw, 300px\" \/><figcaption id=\"caption-attachment-3123\" class=\"wp-caption-text\">tomates<\/figcaption><\/figure>\n<figure id=\"attachment_3124\" aria-describedby=\"caption-attachment-3124\" style=\"width: 300px\" class=\"wp-caption alignnone\"><img loading=\"lazy\" decoding=\"async\" class=\"size-medium wp-image-3124\" src=\"https:\/\/laeraverdadera.com\/wp-content\/uploads\/2018\/09\/P7078412-300x225.jpg\" alt=\"\" width=\"300\" height=\"225\" srcset=\"https:\/\/www.laeraverdadera.com\/wp-content\/uploads\/2018\/09\/P7078412-300x225.jpg 300w, https:\/\/www.laeraverdadera.com\/wp-content\/uploads\/2018\/09\/P7078412-768x576.jpg 768w, https:\/\/www.laeraverdadera.com\/wp-content\/uploads\/2018\/09\/P7078412-1024x768.jpg 1024w, https:\/\/www.laeraverdadera.com\/wp-content\/uploads\/2018\/09\/P7078412-563x422.jpg 563w, https:\/\/www.laeraverdadera.com\/wp-content\/uploads\/2018\/09\/P7078412-285x214.jpg 285w\" sizes=\"auto, (max-width: 300px) 100vw, 300px\" \/><figcaption id=\"caption-attachment-3124\" class=\"wp-caption-text\">cosecha<\/figcaption><\/figure>\n<figure id=\"attachment_3120\" aria-describedby=\"caption-attachment-3120\" style=\"width: 298px\" class=\"wp-caption alignnone\"><img loading=\"lazy\" decoding=\"async\" class=\"size-medium wp-image-3120\" src=\"https:\/\/laeraverdadera.com\/wp-content\/uploads\/2018\/09\/veg1-298x300.jpg\" alt=\"detalles de la huerta\" width=\"298\" height=\"300\" srcset=\"https:\/\/www.laeraverdadera.com\/wp-content\/uploads\/2018\/09\/veg1-298x300.jpg 298w, https:\/\/www.laeraverdadera.com\/wp-content\/uploads\/2018\/09\/veg1-150x150.jpg 150w, https:\/\/www.laeraverdadera.com\/wp-content\/uploads\/2018\/09\/veg1-768x773.jpg 768w, https:\/\/www.laeraverdadera.com\/wp-content\/uploads\/2018\/09\/veg1-1017x1024.jpg 1017w, https:\/\/www.laeraverdadera.com\/wp-content\/uploads\/2018\/09\/veg1-419x422.jpg 419w, https:\/\/www.laeraverdadera.com\/wp-content\/uploads\/2018\/09\/veg1-248x250.jpg 248w\" sizes=\"auto, (max-width: 298px) 100vw, 298px\" \/><figcaption id=\"caption-attachment-3120\" class=\"wp-caption-text\">detalles de la huerta<\/figcaption><\/figure>\n","protected":false},"excerpt":{"rendered":"<p>La huerta en septiembre Las cosechas del verano siguen a pleno rendimiento, pero poco a poco va siendo hora de dar paso a las huertas de oto\u00f1o invierno. La huerta en septiembre se caracteriza normalmente por ser una huerta de transici\u00f3n donde conviven melones, con coles y tomates con espinacas.<\/p>\n","protected":false},"author":1,"featured_media":3120,"comment_status":"open","ping_status":"open","sticky":false,"template":"","format":"standard","meta":{"footnotes":""},"categories":[51,41,54,38,40,39],"tags":[68,66,63,65,43,47,64,45,67],"class_list":["post-3115","post","type-post","status-publish","format-standard","has-post-thumbnail","hentry","category-actividades","category-ecologia","category-familia","category-huertos","category-naturaleza","category-ninos","tag-actividades-con-ninos","tag-cosecha","tag-huerta","tag-huerto-de-otono","tag-naturaleza","tag-salud","tag-septiembre","tag-verduras","tag-vida-sana"],"_links":{"self":[{"href":"https:\/\/www.laeraverdadera.com\/index.php?rest_route=\/wp\/v2\/posts\/3115","targetHints":{"allow":["GET"]}}],"collection":[{"href":"https:\/\/www.laeraverdadera.com\/index.php?rest_route=\/wp\/v2\/posts"}],"about":[{"href":"https:\/\/www.laeraverdadera.com\/index.php?rest_route=\/wp\/v2\/types\/post"}],"author":[{"embeddable":true,"href":"https:\/\/www.laeraverdadera.com\/index.php?rest_route=\/wp\/v2\/users\/1"}],"replies":[{"embeddable":true,"href":"https:\/\/www.laeraverdadera.com\/index.php?rest_route=%2Fwp%2Fv2%2Fcomments&post=3115"}],"version-history":[{"count":2,"href":"https:\/\/www.laeraverdadera.com\/index.php?rest_route=\/wp\/v2\/posts\/3115\/revisions"}],"predecessor-version":[{"id":3126,"href":"https:\/\/www.laeraverdadera.com\/index.php?rest_route=\/wp\/v2\/posts\/3115\/revisions\/3126"}],"wp:featuredmedia":[{"embeddable":true,"href":"https:\/\/www.laeraverdadera.com\/index.php?rest_route=\/wp\/v2\/media\/3120"}],"wp:attachment":[{"href":"https:\/\/www.laeraverdadera.com\/index.php?rest_route=%2Fwp%2Fv2%2Fmedia&parent=3115"}],"wp:term":[{"taxonomy":"category","embeddable":true,"href":"https:\/\/www.laeraverdadera.com\/index.php?rest_route=%2Fwp%2Fv2%2Fcategories&post=3115"},{"taxonomy":"post_tag","embeddable":true,"href":"https:\/\/www.laeraverdadera.com\/index.php?rest_route=%2Fwp%2Fv2%2Ftags&post=3115"}],"curies":[{"name":"wp","href":"https:\/\/api.w.org\/{rel}","templated":true}]}}