{"id":1,"date":"2018-05-08T16:25:45","date_gmt":"2018-05-08T16:25:45","guid":{"rendered":"https:\/\/laeraverdadera.com\/?p=1"},"modified":"2018-07-25T16:33:36","modified_gmt":"2018-07-25T16:33:36","slug":"la-era-verdadera","status":"publish","type":"post","link":"https:\/\/www.laeraverdadera.com\/?p=1","title":{"rendered":"\u00a1Bienvenidos a La Era Verdadera!"},"content":{"rendered":"<p>Bienvenidos a La Era Verdadera,<\/p>\n<p>&nbsp;<\/p>\n<p>Si te encantan las cosas echas a mano y con cari\u00f1o, pasar tiempos de calidad con los tuyos, te preocupa tu alimentaci\u00f3n y la de los tuyos, este es tu lugar.<\/p>\n<p>En La Era Verdadera, creemos que compartir momentos con la gente que te importa es uno de los pilares fundamentales de una vida plena y feliz. Por eso proponemos un sinf\u00edn de ideas para compartir.<\/p>\n<p>Puede ser celebrando una fiesta, reuni\u00f3n o evento, por que cualquier excusa es buena para festejar y ser feliz, y para ello nada mejor que hacerlo en un lugar \u00fanico y de forma exclusiva. Disfruta de un entorno incomparable en plena naturaleza y celebra todo aquello que et apetezca. Puedes organizarlo tu mismo, disponiendo del espacio a tu gusto y organiz\u00e1ndolo a tu manera, o pedir un poco de ayuda y que te ayudemos con la decoraci\u00f3n, los entretenimientos y la comida. Nos encanta festejar y planear.<\/p>\n<p><!--more--><\/p>\n<p>O si lo prefieres d\u00e9janos que nos encarguemos de todo y organicemos ese cumple especial, porque cada a\u00f1o crecemos, evolucionamos y nos gustan cosas nuevas, nuestras fiestas tambi\u00e9n pueden hacerlo. Adem\u00e1s, en la diversidad est\u00e1 la diversi\u00f3n y cada persona es un mundo con gustos distintos, por eso es importante que cada cual tenga su espacio, su tiempo y su diversi\u00f3n y en eso en La Era Verdadera somos expertas.<\/p>\n<p>Entre fiesta y fiesta es tambi\u00e9n muy importante cuidar nuestra salud y nuestra alimentaci\u00f3n y para eso no hay nada mejor que pasar tiempo al aire libre, en plena naturaleza y si es cultivando tu propia comida, mejor que mejor. Por eso en La Era Verdadera tienes la posibilidad de alquilar tu propia parcela, para poder cultivar tu comida 100 por 100 ecol\u00f3gica sana, natural y con el autentico sabor de las verduras. \u00bfRecuerdas el olor y sabor de un buen tomate? No esperes a que te lo cuenten y cultivas tus propias hortalizas, la experiencia es enriquecedora en todos los sentidos.<\/p>\n<p>Adem\u00e1s, en La Era Verdadera tenemos un amplio catalogo de talleres, para poder pasar una ma\u00f1ana o tarde de fin de semana disfrutando de una forma diferente mientras cocinamos, cultivamos, creamos o aprendemos algo nuevo. Siempre procuramos que las actividades se puedan hacer en familia porque crear cosas juntas afianza los lazos y ayuda a crear recuerdos \u00fanicos e inolvidables. Pero como todo, venir en familia no es imprescindible u obligatorio, nos adaptamos a todo y estamos siempre encantadas de compartir tiempo con quien comparte nuestras aficiones.<\/p>\n<p>&nbsp;<\/p>\n<p>Por todo ello te damos la bienvenida a La Era Verdadera, y esperamos que encuentres alguna o varias de nuestras propuestas adecuadas a tus intereses.<\/p>\n<p>Os esperamos.<\/p>\n<div id='gallery-1' class='gallery galleryid-1 gallery-columns-4 gallery-size-event-post-thumb-box'><figure class='gallery-item'>\n\t\t\t<div class='gallery-icon landscape'>\n\t\t\t\t<a href='https:\/\/www.laeraverdadera.com\/?attachment_id=2950'><img loading=\"lazy\" decoding=\"async\" width=\"300\" height=\"240\" src=\"https:\/\/www.laeraverdadera.com\/wp-content\/uploads\/2018\/06\/20160803_182303-300x240.jpg\" class=\"attachment-event-post-thumb-box size-event-post-thumb-box\" alt=\"\" \/><\/a>\n\t\t\t<\/div><\/figure><figure class='gallery-item'>\n\t\t\t<div class='gallery-icon landscape'>\n\t\t\t\t<a href='https:\/\/www.laeraverdadera.com\/?attachment_id=2862'><img loading=\"lazy\" decoding=\"async\" width=\"300\" height=\"240\" src=\"https:\/\/www.laeraverdadera.com\/wp-content\/uploads\/2018\/05\/candy-2659233_1920-300x240.jpg\" class=\"attachment-event-post-thumb-box size-event-post-thumb-box\" alt=\"\" \/><\/a>\n\t\t\t<\/div><\/figure><figure class='gallery-item'>\n\t\t\t<div class='gallery-icon landscape'>\n\t\t\t\t<a href='https:\/\/www.laeraverdadera.com\/?attachment_id=2850'><img loading=\"lazy\" decoding=\"async\" width=\"300\" height=\"240\" src=\"https:\/\/www.laeraverdadera.com\/wp-content\/uploads\/2018\/05\/muffin-1730920_1920-300x240.jpg\" class=\"attachment-event-post-thumb-box size-event-post-thumb-box\" alt=\"\" \/><\/a>\n\t\t\t<\/div><\/figure><figure class='gallery-item'>\n\t\t\t<div class='gallery-icon landscape'>\n\t\t\t\t<a href='https:\/\/www.laeraverdadera.com\/?attachment_id=2857'><img loading=\"lazy\" decoding=\"async\" width=\"300\" height=\"240\" src=\"https:\/\/www.laeraverdadera.com\/wp-content\/uploads\/2018\/05\/gift-1129453_1920-300x240.jpg\" class=\"attachment-event-post-thumb-box size-event-post-thumb-box\" alt=\"regalos\" aria-describedby=\"gallery-1-2857\" \/><\/a>\n\t\t\t<\/div>\n\t\t\t\t<figcaption class='wp-caption-text gallery-caption' id='gallery-1-2857'>\n\t\t\t\tregalos\n\t\t\t\t<\/figcaption><\/figure>\n\t\t<\/div>\n\n<p>&nbsp;<\/p>\n","protected":false},"excerpt":{"rendered":"<p>Bienvenidos a La Era Verdadera, &nbsp; Si te encantan las cosas echas a mano y con cari\u00f1o, pasar tiempos de calidad con los tuyos, te preocupa tu alimentaci\u00f3n y la de los tuyos, este es tu lugar. En La Era Verdadera, creemos que compartir momentos con la gente que te [&hellip;]<\/p>\n","protected":false},"author":1,"featured_media":2740,"comment_status":"open","ping_status":"open","sticky":false,"template":"","format":"standard","meta":{"footnotes":""},"categories":[51,53,41,54,38,40,39,52],"tags":[49,56,46,55,43,44,48,57],"class_list":["post-1","post","type-post","status-publish","format-standard","has-post-thumbnail","hentry","category-actividades","category-cocina","category-ecologia","category-familia","category-huertos","category-naturaleza","category-ninos","category-talleres","tag-actividades","tag-diversion","tag-familia","tag-huertos","tag-naturaleza","tag-ninos","tag-ocio","tag-talleres"],"_links":{"self":[{"href":"https:\/\/www.laeraverdadera.com\/index.php?rest_route=\/wp\/v2\/posts\/1","targetHints":{"allow":["GET"]}}],"collection":[{"href":"https:\/\/www.laeraverdadera.com\/index.php?rest_route=\/wp\/v2\/posts"}],"about":[{"href":"https:\/\/www.laeraverdadera.com\/index.php?rest_route=\/wp\/v2\/types\/post"}],"author":[{"embeddable":true,"href":"https:\/\/www.laeraverdadera.com\/index.php?rest_route=\/wp\/v2\/users\/1"}],"replies":[{"embeddable":true,"href":"https:\/\/www.laeraverdadera.com\/index.php?rest_route=%2Fwp%2Fv2%2Fcomments&post=1"}],"version-history":[{"count":5,"href":"https:\/\/www.laeraverdadera.com\/index.php?rest_route=\/wp\/v2\/posts\/1\/revisions"}],"predecessor-version":[{"id":3012,"href":"https:\/\/www.laeraverdadera.com\/index.php?rest_route=\/wp\/v2\/posts\/1\/revisions\/3012"}],"wp:featuredmedia":[{"embeddable":true,"href":"https:\/\/www.laeraverdadera.com\/index.php?rest_route=\/wp\/v2\/media\/2740"}],"wp:attachment":[{"href":"https:\/\/www.laeraverdadera.com\/index.php?rest_route=%2Fwp%2Fv2%2Fmedia&parent=1"}],"wp:term":[{"taxonomy":"category","embeddable":true,"href":"https:\/\/www.laeraverdadera.com\/index.php?rest_route=%2Fwp%2Fv2%2Fcategories&post=1"},{"taxonomy":"post_tag","embeddable":true,"href":"https:\/\/www.laeraverdadera.com\/index.php?rest_route=%2Fwp%2Fv2%2Ftags&post=1"}],"curies":[{"name":"wp","href":"https:\/\/api.w.org\/{rel}","templated":true}]}}